{"id":51840,"date":"2026-03-18T09:36:03","date_gmt":"2026-03-18T08:36:03","guid":{"rendered":"https:\/\/twin.cargoline.de\/john-spedition\/cargoline-gewinnt-van-der-heijden-als-neuen-internationalen-partner-fuer-die-niederlande-und-belgien\/"},"modified":"2026-03-18T09:36:03","modified_gmt":"2026-03-18T08:36:03","slug":"cargoline-gewinnt-van-der-heijden-als-neuen-internationalen-partner-fuer-die-niederlande-und-belgien","status":"publish","type":"post","link":"https:\/\/twin.cargoline.de\/john-spedition\/cargoline-gewinnt-van-der-heijden-als-neuen-internationalen-partner-fuer-die-niederlande-und-belgien\/","title":{"rendered":"CargoLine gewinnt Van der Heijden als neuen internationalen Partner f\u00fcr die Niederlande und Belgien"},"content":{"rendered":"\n<p><strong>Frankfurt\/Hapert, 27.02.2026 <\/strong>Die St\u00fcckgutkooperation CargoLine erweitert ihr europ\u00e4isches Netzwerk und begr\u00fc\u00dft zum 1. M\u00e4rz 2026 das niederl\u00e4ndische Logistikunternehmen Van der Heijden B.V. als neuen Partner f\u00fcr Teile der Niederlande und Nordbelgien. Damit st\u00e4rkt CargoLine die Verl\u00e4sslichkeit und Qualit\u00e4t ihrer internationalen Verkehre in einer wirtschaftlich bedeutenden Region.<\/p>\n\n\n\n<p>Van der Heijden ist ein traditionsreiches Familienunternehmen in dritter und vierter Generation mit Sitz in Hapert. Mit rund 250 Mitarbeitenden, 175 eigenen Lkw und einem breiten Angebot in St\u00fcckgut, Teilladungen und Logistikl\u00f6sungen z\u00e4hlt das Unternehmen zu den etablierten mittelst\u00e4ndischen Anbietern in den Niederlanden. Die modernisierte und 2020 neu aufgebaute Anlage in Hapert bietet hervorragende operative Voraussetzungen f\u00fcr ein dauerhaft hohes Qualit\u00e4tsniveau.<\/p>\n\n\n\n<p>Durch die Integration von Van der Heijden wird gleichzeitig eine neue regelm\u00e4\u00dfige HUB-Anbindung geschaffen, die das Netzwerk in Richtung Benelux weiter stabilisiert und zus\u00e4tzliche Kapazit\u00e4t f\u00fcr internationale Sendungen bietet.<\/p>\n\n\n\n<p>&#8222;Wir freuen uns, mit Van der Heijden einen starken, erfolgreichen und partnerschaftlich agierenden Mittelstandslogistiker in unserem Netzwerk begr\u00fc\u00dfen zu d\u00fcrfen. Gemeinsam schaffen wir zus\u00e4tzliche Stabilit\u00e4t und Servicequalit\u00e4t f\u00fcr unsere Kunden in einer zentralen europ\u00e4ischen Wirtschaftsregion.&#8220;<br><strong>CargoLine Gesch\u00e4ftsleitung, Andreas Witzigmann<\/strong><\/p>\n\n\n\n<p>Auch Van der Heijden sieht die neue Zusammenarbeit als wichtigen Schritt in der strategischen Weiterentwicklung:<br>&#8222;Die Integration in ein internationales Systemnetzwerk ist ein logischer Schritt f\u00fcr unser Unternehmen. Wir freuen uns auf die enge Zusammenarbeit mit CargoLine und deren Partnern.&#8220;<br><strong>Van der Heijden Gesch\u00e4ftsf\u00fchrung, <\/strong><strong>Roy van der Heijden<\/strong><em><\/em><\/p>\n\n\n\n<p><\/p>\n","protected":false},"excerpt":{"rendered":"<p>Frankfurt\/Hapert, 27.02.2026 Die St\u00fcckgutkooperation CargoLine erweitert ihr europ\u00e4isches Netzwerk und begr\u00fc\u00dft zum 1. M\u00e4rz 2026 das niederl\u00e4ndische Logistikunternehmen Van der Heijden B.V. als neuen Partner f\u00fcr Teile der Niederlande und [&hellip;]<\/p>\n","protected":false},"author":154,"featured_media":51841,"comment_status":"closed","ping_status":"closed","sticky":false,"template":"","format":"standard","meta":{"site-sidebar-layout":"default","site-content-layout":"","ast-site-content-layout":"default","site-content-style":"default","site-sidebar-style":"default","ast-global-header-display":"","ast-banner-title-visibility":"","ast-main-header-display":"","ast-hfb-above-header-display":"","ast-hfb-below-header-display":"","ast-hfb-mobile-header-display":"","site-post-title":"","ast-breadcrumbs-content":"","ast-featured-img":"","footer-sml-layout":"","ast-disable-related-posts":"","theme-transparent-header-meta":"","adv-header-id-meta":"","stick-header-meta":"","header-above-stick-meta":"","header-main-stick-meta":"","header-below-stick-meta":"","astra-migrate-meta-layouts":"default","ast-page-background-enabled":"default","ast-page-background-meta":{"desktop":{"background-color":"var(--ast-global-color-4)","background-image":"","background-repeat":"repeat","background-position":"center center","background-size":"auto","background-attachment":"scroll","background-type":"","background-media":"","overlay-type":"","overlay-color":"","overlay-opacity":"","overlay-gradient":""},"tablet":{"background-color":"","background-image":"","background-repeat":"repeat","background-position":"center center","background-size":"auto","background-attachment":"scroll","background-type":"","background-media":"","overlay-type":"","overlay-color":"","overlay-opacity":"","overlay-gradient":""},"mobile":{"background-color":"","background-image":"","background-repeat":"repeat","background-position":"center center","background-size":"auto","background-attachment":"scroll","background-type":"","background-media":"","overlay-type":"","overlay-color":"","overlay-opacity":"","overlay-gradient":""}},"ast-content-background-meta":{"desktop":{"background-color":"var(--ast-global-color-5)","background-image":"","background-repeat":"repeat","background-position":"center center","background-size":"auto","background-attachment":"scroll","background-type":"","background-media":"","overlay-type":"","overlay-color":"","overlay-opacity":"","overlay-gradient":""},"tablet":{"background-color":"var(--ast-global-color-5)","background-image":"","background-repeat":"repeat","background-position":"center center","background-size":"auto","background-attachment":"scroll","background-type":"","background-media":"","overlay-type":"","overlay-color":"","overlay-opacity":"","overlay-gradient":""},"mobile":{"background-color":"var(--ast-global-color-5)","background-image":"","background-repeat":"repeat","background-position":"center center","background-size":"auto","background-attachment":"scroll","background-type":"","background-media":"","overlay-type":"","overlay-color":"","overlay-opacity":"","overlay-gradient":""}},"footnotes":""},"categories":[1,31],"tags":[],"class_list":["post-51840","post","type-post","status-publish","format-standard","has-post-thumbnail","hentry","category-allgemein","category-muss"],"yoast_head":"<!-- This site is optimized with the Yoast SEO plugin v27.5 - https:\/\/yoast.com\/product\/yoast-seo-wordpress\/ -->\n<title>CargoLine gewinnt Van der Heijden als neuen internationalen Partner f\u00fcr die Niederlande und Belgien - John Spedition GmbH - Ihr Partner<\/title>\n<meta name=\"robots\" content=\"noindex, follow, max-snippet:-1, max-image-preview:large, max-video-preview:-1\" \/>\n<meta property=\"og:locale\" content=\"de_DE\" \/>\n<meta property=\"og:type\" content=\"article\" \/>\n<meta property=\"og:title\" content=\"CargoLine gewinnt Van der Heijden als neuen internationalen Partner f\u00fcr die Niederlande und Belgien - John Spedition GmbH - Ihr Partner\" \/>\n<meta property=\"og:description\" content=\"Frankfurt\/Hapert, 27.02.2026 Die St\u00fcckgutkooperation CargoLine erweitert ihr europ\u00e4isches Netzwerk und begr\u00fc\u00dft zum 1. M\u00e4rz 2026 das niederl\u00e4ndische Logistikunternehmen Van der Heijden B.V. als neuen Partner f\u00fcr Teile der Niederlande und [&hellip;]\" \/>\n<meta property=\"og:url\" content=\"https:\/\/twin.cargoline.de\/john-spedition\/cargoline-gewinnt-van-der-heijden-als-neuen-internationalen-partner-fuer-die-niederlande-und-belgien\/\" \/>\n<meta property=\"og:site_name\" content=\"John Spedition GmbH - Ihr Partner\" \/>\n<meta property=\"article:published_time\" content=\"2026-03-18T08:36:03+00:00\" \/>\n<meta name=\"author\" content=\"violaloehr\" \/>\n<meta name=\"twitter:card\" content=\"summary_large_image\" \/>\n<meta name=\"twitter:label1\" content=\"Verfasst von\" \/>\n\t<meta name=\"twitter:data1\" content=\"violaloehr\" \/>\n\t<meta name=\"twitter:label2\" content=\"Gesch\u00e4tzte Lesezeit\" \/>\n\t<meta name=\"twitter:data2\" content=\"1\u00a0Minute\" \/>\n<script type=\"application\/ld+json\" class=\"yoast-schema-graph\">{\"@context\":\"https:\\\/\\\/schema.org\",\"@graph\":[{\"@type\":\"Article\",\"@id\":\"https:\\\/\\\/twin.cargoline.de\\\/john-spedition\\\/cargoline-gewinnt-van-der-heijden-als-neuen-internationalen-partner-fuer-die-niederlande-und-belgien\\\/#article\",\"isPartOf\":{\"@id\":\"https:\\\/\\\/twin.cargoline.de\\\/john-spedition\\\/cargoline-gewinnt-van-der-heijden-als-neuen-internationalen-partner-fuer-die-niederlande-und-belgien\\\/\"},\"author\":{\"name\":\"violaloehr\",\"@id\":\"https:\\\/\\\/twin.cargoline.de\\\/john-spedition\\\/#\\\/schema\\\/person\\\/59540fc50b1c2592199a2d6a882a0dda\"},\"headline\":\"CargoLine gewinnt Van der Heijden als neuen internationalen Partner f\u00fcr die Niederlande und Belgien\",\"datePublished\":\"2026-03-18T08:36:03+00:00\",\"mainEntityOfPage\":{\"@id\":\"https:\\\/\\\/twin.cargoline.de\\\/john-spedition\\\/cargoline-gewinnt-van-der-heijden-als-neuen-internationalen-partner-fuer-die-niederlande-und-belgien\\\/\"},\"wordCount\":264,\"publisher\":{\"@id\":\"https:\\\/\\\/twin.cargoline.de\\\/john-spedition\\\/#organization\"},\"image\":{\"@id\":\"https:\\\/\\\/twin.cargoline.de\\\/john-spedition\\\/cargoline-gewinnt-van-der-heijden-als-neuen-internationalen-partner-fuer-die-niederlande-und-belgien\\\/#primaryimage\"},\"thumbnailUrl\":\"https:\\\/\\\/twin.cargoline.de\\\/john-spedition\\\/wp-content\\\/uploads\\\/sites\\\/67\\\/2026\\\/04\\\/Gebaeude-van-der-Heijden.jpg\",\"articleSection\":{\"1\":\"Muss\"},\"inLanguage\":\"de\"},{\"@type\":\"WebPage\",\"@id\":\"https:\\\/\\\/twin.cargoline.de\\\/john-spedition\\\/cargoline-gewinnt-van-der-heijden-als-neuen-internationalen-partner-fuer-die-niederlande-und-belgien\\\/\",\"url\":\"https:\\\/\\\/twin.cargoline.de\\\/john-spedition\\\/cargoline-gewinnt-van-der-heijden-als-neuen-internationalen-partner-fuer-die-niederlande-und-belgien\\\/\",\"name\":\"CargoLine gewinnt Van der Heijden als neuen internationalen Partner f\u00fcr die Niederlande und Belgien - John Spedition GmbH - Ihr Partner\",\"isPartOf\":{\"@id\":\"https:\\\/\\\/twin.cargoline.de\\\/john-spedition\\\/#website\"},\"primaryImageOfPage\":{\"@id\":\"https:\\\/\\\/twin.cargoline.de\\\/john-spedition\\\/cargoline-gewinnt-van-der-heijden-als-neuen-internationalen-partner-fuer-die-niederlande-und-belgien\\\/#primaryimage\"},\"image\":{\"@id\":\"https:\\\/\\\/twin.cargoline.de\\\/john-spedition\\\/cargoline-gewinnt-van-der-heijden-als-neuen-internationalen-partner-fuer-die-niederlande-und-belgien\\\/#primaryimage\"},\"thumbnailUrl\":\"https:\\\/\\\/twin.cargoline.de\\\/john-spedition\\\/wp-content\\\/uploads\\\/sites\\\/67\\\/2026\\\/04\\\/Gebaeude-van-der-Heijden.jpg\",\"datePublished\":\"2026-03-18T08:36:03+00:00\",\"breadcrumb\":{\"@id\":\"https:\\\/\\\/twin.cargoline.de\\\/john-spedition\\\/cargoline-gewinnt-van-der-heijden-als-neuen-internationalen-partner-fuer-die-niederlande-und-belgien\\\/#breadcrumb\"},\"inLanguage\":\"de\",\"potentialAction\":[{\"@type\":\"ReadAction\",\"target\":[\"https:\\\/\\\/twin.cargoline.de\\\/john-spedition\\\/cargoline-gewinnt-van-der-heijden-als-neuen-internationalen-partner-fuer-die-niederlande-und-belgien\\\/\"]}]},{\"@type\":\"ImageObject\",\"inLanguage\":\"de\",\"@id\":\"https:\\\/\\\/twin.cargoline.de\\\/john-spedition\\\/cargoline-gewinnt-van-der-heijden-als-neuen-internationalen-partner-fuer-die-niederlande-und-belgien\\\/#primaryimage\",\"url\":\"https:\\\/\\\/twin.cargoline.de\\\/john-spedition\\\/wp-content\\\/uploads\\\/sites\\\/67\\\/2026\\\/04\\\/Gebaeude-van-der-Heijden.jpg\",\"contentUrl\":\"https:\\\/\\\/twin.cargoline.de\\\/john-spedition\\\/wp-content\\\/uploads\\\/sites\\\/67\\\/2026\\\/04\\\/Gebaeude-van-der-Heijden.jpg\"},{\"@type\":\"BreadcrumbList\",\"@id\":\"https:\\\/\\\/twin.cargoline.de\\\/john-spedition\\\/cargoline-gewinnt-van-der-heijden-als-neuen-internationalen-partner-fuer-die-niederlande-und-belgien\\\/#breadcrumb\",\"itemListElement\":[{\"@type\":\"ListItem\",\"position\":1,\"name\":\"Startseite\",\"item\":\"https:\\\/\\\/twin.cargoline.de\\\/john-spedition\\\/\"},{\"@type\":\"ListItem\",\"position\":2,\"name\":\"CargoLine gewinnt Van der Heijden als neuen internationalen Partner f\u00fcr die Niederlande und Belgien\"}]},{\"@type\":\"WebSite\",\"@id\":\"https:\\\/\\\/twin.cargoline.de\\\/john-spedition\\\/#website\",\"url\":\"https:\\\/\\\/twin.cargoline.de\\\/john-spedition\\\/\",\"name\":\"John Spedition GmbH - Ihr Partner\",\"description\":\"code-x - Internet &amp; Marketing\",\"publisher\":{\"@id\":\"https:\\\/\\\/twin.cargoline.de\\\/john-spedition\\\/#organization\"},\"potentialAction\":[{\"@type\":\"SearchAction\",\"target\":{\"@type\":\"EntryPoint\",\"urlTemplate\":\"https:\\\/\\\/twin.cargoline.de\\\/john-spedition\\\/?s={search_term_string}\"},\"query-input\":{\"@type\":\"PropertyValueSpecification\",\"valueRequired\":true,\"valueName\":\"search_term_string\"}}],\"inLanguage\":\"de\"},{\"@type\":\"Organization\",\"@id\":\"https:\\\/\\\/twin.cargoline.de\\\/john-spedition\\\/#organization\",\"name\":\"John Spedition GmbH - Ihr Partner\",\"url\":\"https:\\\/\\\/twin.cargoline.de\\\/john-spedition\\\/\",\"logo\":{\"@type\":\"ImageObject\",\"inLanguage\":\"de\",\"@id\":\"https:\\\/\\\/twin.cargoline.de\\\/john-spedition\\\/#\\\/schema\\\/logo\\\/image\\\/\",\"url\":\"https:\\\/\\\/twin.cargoline.de\\\/john-spedition\\\/wp-content\\\/uploads\\\/sites\\\/67\\\/2025\\\/11\\\/Logo_John_Zusatz.webp\",\"contentUrl\":\"https:\\\/\\\/twin.cargoline.de\\\/john-spedition\\\/wp-content\\\/uploads\\\/sites\\\/67\\\/2025\\\/11\\\/Logo_John_Zusatz.webp\",\"width\":1181,\"height\":709,\"caption\":\"John Spedition GmbH - Ihr Partner\"},\"image\":{\"@id\":\"https:\\\/\\\/twin.cargoline.de\\\/john-spedition\\\/#\\\/schema\\\/logo\\\/image\\\/\"}},{\"@type\":\"Person\",\"@id\":\"https:\\\/\\\/twin.cargoline.de\\\/john-spedition\\\/#\\\/schema\\\/person\\\/59540fc50b1c2592199a2d6a882a0dda\",\"name\":\"violaloehr\",\"image\":{\"@type\":\"ImageObject\",\"inLanguage\":\"de\",\"@id\":\"https:\\\/\\\/secure.gravatar.com\\\/avatar\\\/818ae477168651f84d3f3b11387f250e1371d8eece126469f6faa2e0e8ccfe2e?s=96&d=mm&r=g\",\"url\":\"https:\\\/\\\/secure.gravatar.com\\\/avatar\\\/818ae477168651f84d3f3b11387f250e1371d8eece126469f6faa2e0e8ccfe2e?s=96&d=mm&r=g\",\"contentUrl\":\"https:\\\/\\\/secure.gravatar.com\\\/avatar\\\/818ae477168651f84d3f3b11387f250e1371d8eece126469f6faa2e0e8ccfe2e?s=96&d=mm&r=g\",\"caption\":\"violaloehr\"},\"url\":\"https:\\\/\\\/twin.cargoline.de\\\/john-spedition\\\/author\\\/violaloehr2\\\/\"}]}<\/script>\n<!-- \/ Yoast SEO plugin. -->","yoast_head_json":{"title":"CargoLine gewinnt Van der Heijden als neuen internationalen Partner f\u00fcr die Niederlande und Belgien - John Spedition GmbH - Ihr Partner","robots":{"index":"noindex","follow":"follow","max-snippet":"max-snippet:-1","max-image-preview":"max-image-preview:large","max-video-preview":"max-video-preview:-1"},"og_locale":"de_DE","og_type":"article","og_title":"CargoLine gewinnt Van der Heijden als neuen internationalen Partner f\u00fcr die Niederlande und Belgien - John Spedition GmbH - Ihr Partner","og_description":"Frankfurt\/Hapert, 27.02.2026 Die St\u00fcckgutkooperation CargoLine erweitert ihr europ\u00e4isches Netzwerk und begr\u00fc\u00dft zum 1. M\u00e4rz 2026 das niederl\u00e4ndische Logistikunternehmen Van der Heijden B.V. als neuen Partner f\u00fcr Teile der Niederlande und [&hellip;]","og_url":"https:\/\/twin.cargoline.de\/john-spedition\/cargoline-gewinnt-van-der-heijden-als-neuen-internationalen-partner-fuer-die-niederlande-und-belgien\/","og_site_name":"John Spedition GmbH - Ihr Partner","article_published_time":"2026-03-18T08:36:03+00:00","author":"violaloehr","twitter_card":"summary_large_image","twitter_misc":{"Verfasst von":"violaloehr","Gesch\u00e4tzte Lesezeit":"1\u00a0Minute"},"schema":{"@context":"https:\/\/schema.org","@graph":[{"@type":"Article","@id":"https:\/\/twin.cargoline.de\/john-spedition\/cargoline-gewinnt-van-der-heijden-als-neuen-internationalen-partner-fuer-die-niederlande-und-belgien\/#article","isPartOf":{"@id":"https:\/\/twin.cargoline.de\/john-spedition\/cargoline-gewinnt-van-der-heijden-als-neuen-internationalen-partner-fuer-die-niederlande-und-belgien\/"},"author":{"name":"violaloehr","@id":"https:\/\/twin.cargoline.de\/john-spedition\/#\/schema\/person\/59540fc50b1c2592199a2d6a882a0dda"},"headline":"CargoLine gewinnt Van der Heijden als neuen internationalen Partner f\u00fcr die Niederlande und Belgien","datePublished":"2026-03-18T08:36:03+00:00","mainEntityOfPage":{"@id":"https:\/\/twin.cargoline.de\/john-spedition\/cargoline-gewinnt-van-der-heijden-als-neuen-internationalen-partner-fuer-die-niederlande-und-belgien\/"},"wordCount":264,"publisher":{"@id":"https:\/\/twin.cargoline.de\/john-spedition\/#organization"},"image":{"@id":"https:\/\/twin.cargoline.de\/john-spedition\/cargoline-gewinnt-van-der-heijden-als-neuen-internationalen-partner-fuer-die-niederlande-und-belgien\/#primaryimage"},"thumbnailUrl":"https:\/\/twin.cargoline.de\/john-spedition\/wp-content\/uploads\/sites\/67\/2026\/04\/Gebaeude-van-der-Heijden.jpg","articleSection":{"1":"Muss"},"inLanguage":"de"},{"@type":"WebPage","@id":"https:\/\/twin.cargoline.de\/john-spedition\/cargoline-gewinnt-van-der-heijden-als-neuen-internationalen-partner-fuer-die-niederlande-und-belgien\/","url":"https:\/\/twin.cargoline.de\/john-spedition\/cargoline-gewinnt-van-der-heijden-als-neuen-internationalen-partner-fuer-die-niederlande-und-belgien\/","name":"CargoLine gewinnt Van der Heijden als neuen internationalen Partner f\u00fcr die Niederlande und Belgien - John Spedition GmbH - Ihr Partner","isPartOf":{"@id":"https:\/\/twin.cargoline.de\/john-spedition\/#website"},"primaryImageOfPage":{"@id":"https:\/\/twin.cargoline.de\/john-spedition\/cargoline-gewinnt-van-der-heijden-als-neuen-internationalen-partner-fuer-die-niederlande-und-belgien\/#primaryimage"},"image":{"@id":"https:\/\/twin.cargoline.de\/john-spedition\/cargoline-gewinnt-van-der-heijden-als-neuen-internationalen-partner-fuer-die-niederlande-und-belgien\/#primaryimage"},"thumbnailUrl":"https:\/\/twin.cargoline.de\/john-spedition\/wp-content\/uploads\/sites\/67\/2026\/04\/Gebaeude-van-der-Heijden.jpg","datePublished":"2026-03-18T08:36:03+00:00","breadcrumb":{"@id":"https:\/\/twin.cargoline.de\/john-spedition\/cargoline-gewinnt-van-der-heijden-als-neuen-internationalen-partner-fuer-die-niederlande-und-belgien\/#breadcrumb"},"inLanguage":"de","potentialAction":[{"@type":"ReadAction","target":["https:\/\/twin.cargoline.de\/john-spedition\/cargoline-gewinnt-van-der-heijden-als-neuen-internationalen-partner-fuer-die-niederlande-und-belgien\/"]}]},{"@type":"ImageObject","inLanguage":"de","@id":"https:\/\/twin.cargoline.de\/john-spedition\/cargoline-gewinnt-van-der-heijden-als-neuen-internationalen-partner-fuer-die-niederlande-und-belgien\/#primaryimage","url":"https:\/\/twin.cargoline.de\/john-spedition\/wp-content\/uploads\/sites\/67\/2026\/04\/Gebaeude-van-der-Heijden.jpg","contentUrl":"https:\/\/twin.cargoline.de\/john-spedition\/wp-content\/uploads\/sites\/67\/2026\/04\/Gebaeude-van-der-Heijden.jpg"},{"@type":"BreadcrumbList","@id":"https:\/\/twin.cargoline.de\/john-spedition\/cargoline-gewinnt-van-der-heijden-als-neuen-internationalen-partner-fuer-die-niederlande-und-belgien\/#breadcrumb","itemListElement":[{"@type":"ListItem","position":1,"name":"Startseite","item":"https:\/\/twin.cargoline.de\/john-spedition\/"},{"@type":"ListItem","position":2,"name":"CargoLine gewinnt Van der Heijden als neuen internationalen Partner f\u00fcr die Niederlande und Belgien"}]},{"@type":"WebSite","@id":"https:\/\/twin.cargoline.de\/john-spedition\/#website","url":"https:\/\/twin.cargoline.de\/john-spedition\/","name":"John Spedition GmbH - Ihr Partner","description":"code-x - Internet &amp; Marketing","publisher":{"@id":"https:\/\/twin.cargoline.de\/john-spedition\/#organization"},"potentialAction":[{"@type":"SearchAction","target":{"@type":"EntryPoint","urlTemplate":"https:\/\/twin.cargoline.de\/john-spedition\/?s={search_term_string}"},"query-input":{"@type":"PropertyValueSpecification","valueRequired":true,"valueName":"search_term_string"}}],"inLanguage":"de"},{"@type":"Organization","@id":"https:\/\/twin.cargoline.de\/john-spedition\/#organization","name":"John Spedition GmbH - Ihr Partner","url":"https:\/\/twin.cargoline.de\/john-spedition\/","logo":{"@type":"ImageObject","inLanguage":"de","@id":"https:\/\/twin.cargoline.de\/john-spedition\/#\/schema\/logo\/image\/","url":"https:\/\/twin.cargoline.de\/john-spedition\/wp-content\/uploads\/sites\/67\/2025\/11\/Logo_John_Zusatz.webp","contentUrl":"https:\/\/twin.cargoline.de\/john-spedition\/wp-content\/uploads\/sites\/67\/2025\/11\/Logo_John_Zusatz.webp","width":1181,"height":709,"caption":"John Spedition GmbH - Ihr Partner"},"image":{"@id":"https:\/\/twin.cargoline.de\/john-spedition\/#\/schema\/logo\/image\/"}},{"@type":"Person","@id":"https:\/\/twin.cargoline.de\/john-spedition\/#\/schema\/person\/59540fc50b1c2592199a2d6a882a0dda","name":"violaloehr","image":{"@type":"ImageObject","inLanguage":"de","@id":"https:\/\/secure.gravatar.com\/avatar\/818ae477168651f84d3f3b11387f250e1371d8eece126469f6faa2e0e8ccfe2e?s=96&d=mm&r=g","url":"https:\/\/secure.gravatar.com\/avatar\/818ae477168651f84d3f3b11387f250e1371d8eece126469f6faa2e0e8ccfe2e?s=96&d=mm&r=g","contentUrl":"https:\/\/secure.gravatar.com\/avatar\/818ae477168651f84d3f3b11387f250e1371d8eece126469f6faa2e0e8ccfe2e?s=96&d=mm&r=g","caption":"violaloehr"},"url":"https:\/\/twin.cargoline.de\/john-spedition\/author\/violaloehr2\/"}]}},"_links":{"self":[{"href":"https:\/\/twin.cargoline.de\/john-spedition\/wp-json\/wp\/v2\/posts\/51840","targetHints":{"allow":["GET"]}}],"collection":[{"href":"https:\/\/twin.cargoline.de\/john-spedition\/wp-json\/wp\/v2\/posts"}],"about":[{"href":"https:\/\/twin.cargoline.de\/john-spedition\/wp-json\/wp\/v2\/types\/post"}],"author":[{"embeddable":true,"href":"https:\/\/twin.cargoline.de\/john-spedition\/wp-json\/wp\/v2\/users\/154"}],"replies":[{"embeddable":true,"href":"https:\/\/twin.cargoline.de\/john-spedition\/wp-json\/wp\/v2\/comments?post=51840"}],"version-history":[{"count":0,"href":"https:\/\/twin.cargoline.de\/john-spedition\/wp-json\/wp\/v2\/posts\/51840\/revisions"}],"wp:featuredmedia":[{"embeddable":true,"href":"https:\/\/twin.cargoline.de\/john-spedition\/wp-json\/wp\/v2\/media\/51841"}],"wp:attachment":[{"href":"https:\/\/twin.cargoline.de\/john-spedition\/wp-json\/wp\/v2\/media?parent=51840"}],"wp:term":[{"taxonomy":"category","embeddable":true,"href":"https:\/\/twin.cargoline.de\/john-spedition\/wp-json\/wp\/v2\/categories?post=51840"},{"taxonomy":"post_tag","embeddable":true,"href":"https:\/\/twin.cargoline.de\/john-spedition\/wp-json\/wp\/v2\/tags?post=51840"}],"curies":[{"name":"wp","href":"https:\/\/api.w.org\/{rel}","templated":true}]}}