{"id":51828,"date":"2024-09-17T11:30:48","date_gmt":"2024-09-17T09:30:48","guid":{"rendered":"https:\/\/twin.cargoline.de\/john-spedition\/cargoline-ordnet-die-fuehrungsebene-um-joern-peter-struck-neu\/"},"modified":"2024-09-17T11:30:48","modified_gmt":"2024-09-17T09:30:48","slug":"cargoline-ordnet-die-fuehrungsebene-um-joern-peter-struck-neu","status":"publish","type":"post","link":"https:\/\/twin.cargoline.de\/john-spedition\/cargoline-ordnet-die-fuehrungsebene-um-joern-peter-struck-neu\/","title":{"rendered":"CargoLine ordnet die F\u00fchrungsebene um J\u00f6rn Peter Struck neu"},"content":{"rendered":"\n<p>Mit dem Ziel, CargoLine nachhaltig f\u00fcr die Zukunft aufzustellen, erh\u00e4lt die St\u00fcckgutkooperation ein dreik\u00f6pfiges F\u00fchrungsteam: J\u00f6rn Peter Struck, der weiterhin als Gesch\u00e4ftsf\u00fchrer die Gesamtverantwortung tragen wird, bekommt Verst\u00e4rkung durch Sebastian Grollius und Andreas Witzigmann. Beide sind bereits in leitenden Funktionen in der Systemzentrale besch\u00e4ftigt und erhalten nun weitere Zust\u00e4ndigkeiten. Die Neuausrichtung tr\u00e4gt den Anforderungen an die Steuerung eines modernen Transport- und Logistikunternehmens Rechnung. Zudem stellt sie personelle Weichen f\u00fcr die Zukunft. Der bisherige Mitgesch\u00e4ftsf\u00fchrer Bernd H\u00f6ppner verl\u00e4sst die Kooperation auf eigenen Wunsch zum 31. Dezember.<\/p>\n\n\n\n<h4 class=\"wp-block-heading\"><strong>IT und Spedition in einer Hand<\/strong><\/h4>\n\n\n\n<p>Digitalisierung spielt eine entscheidende Rolle, um als Logistikanbieter wettbewerbsf\u00e4hig zu sein. Bei CargoLine treibt IT-Leiter Sebastian Grollius (36) sie seit 2013 intensiv voran. Zu den ma\u00dfgeblichen Entwicklungen unter seiner \u00c4gide geh\u00f6rt unter anderem der Ausbau des Kundenportals Cepra durch Microservices wie die Ankunftszeitprognose ETA, die einheitliche Dokumentenverwaltung an einem Ort und die Berechnung des CO2-Fu\u00dfabdrucks von Sendungen. Dem studierten Betriebswirt kommt zugute, dass er als gelernter Kaufmann f\u00fcr Spedition und Logistikdienstleistungen \u00fcber profunde Kenntnisse der operativen Prozesse verf\u00fcgt. \u00dcber die IT hinaus ist er f\u00fcr die die Bereiche Nationale Spedition und Strategische Netzwerkentwicklung zust\u00e4ndig. Zus\u00e4tzlich erg\u00e4nzt nun der Ausbau des Zentral- und Europahubs der CargoLine in Niederaula seine Aufgaben.<\/p>\n\n\n\n<h4 class=\"wp-block-heading\"><strong>Paneurop\u00e4ische Entwicklung im Fokus<\/strong><\/h4>\n\n\n\n<p>Mit der Pflege und Ausweitung des bislang 43 L\u00e4nder umspannenden Partnernetzwerks, der NightLineEurope-Produkte, der interkontinentalen Aktivit\u00e4ten und der Leitung des Arbeitskreises (AK) International der CargoLine \u00fcbernimmt Prokurist Andreas Witzigmann (50) den bisherigen Hauptaufgabenbereich von Bernd H\u00f6ppner. Von 2004 bis 2022 war Witzigmann als Vertreter des CargoLine-Gesellschafters Lebert (heute Noerpel) selbst Mitglied des AK International. 2022 verlie\u00df er das Unternehmen, wo er zuletzt die Funktion eines Board Member International innehatte, und damit auch die Kooperation, um als Gesch\u00e4ftsf\u00fchrer zu einem rein grenz\u00fcberschreitend agierenden Verbund zu wechseln, Paneco. Mit seiner R\u00fcckkehr zu CargoLine gewinnt die Systemzentrale einen stark vernetzten Kenner der europ\u00e4ischen Speditionslandschaft. Zus\u00e4tzlich zu seinen internationalen Aufgaben \u00fcbernimmt Witzigmann die Bereiche Marketing und Key Account Management.<\/p>\n\n\n\n<h4 class=\"wp-block-heading\"><strong>Langfristig stabil aufgestellt<\/strong><\/h4>\n\n\n\n<p>F\u00fcr Struck, selbst 59 Jahre alt, bedeutet diese Dreiteilung der Kompetenzen nicht nur inhaltlich eine noch st\u00e4rkere Konzentration auf eine zukunftsorientierte Ausrichtung des Verbunds: \u201eDie neue Aufstellung dient auch dem Ziel, dank der Altersabst\u00e4nde von jeweils plus\/minus zehn Jahren zwischen uns schrittweise zur n\u00e4chsten Generation \u00fcberzuleiten und so f\u00fcr Kontinuit\u00e4t zu sorgen. Ich freue mich auf die Zusammenarbeit in dieser frischen Konstellation, die die F\u00fchrung unseres St\u00fcckgutnetzwerks langfristig absichert\u201c, beschreibt Struck die Ver\u00e4nderung und erg\u00e4nzt: \u201eAndreas Witzigmann und Sebastian Grollius finden ein sehr gut bestelltes Feld vor. Bernd H\u00f6ppner danke ich f\u00fcr seinen unerm\u00fcdlichen Einsatz und die fruchtbare Zusammenarbeit in den vergangenen fast zw\u00f6lf Jahren.\u201c<\/p>\n\n\n\n<p><strong>Bildunterschrift<\/strong><br>Dreiergespann an der Kooperationsspitze: (von links) Sebastian Grollius, J\u00f6rn Peter Struck, Andreas Witzigmann<\/p>\n\n\n\n<p>Frankfurt am Main, 17. September 2024<\/p>\n","protected":false},"excerpt":{"rendered":"<p>Mit dem Ziel, CargoLine nachhaltig f\u00fcr die Zukunft aufzustellen, erh\u00e4lt die St\u00fcckgutkooperation ein dreik\u00f6pfiges F\u00fchrungsteam: J\u00f6rn Peter Struck, der weiterhin als Gesch\u00e4ftsf\u00fchrer die Gesamtverantwortung tragen wird, bekommt Verst\u00e4rkung durch Sebastian [&hellip;]<\/p>\n","protected":false},"author":3,"featured_media":51829,"comment_status":"closed","ping_status":"closed","sticky":false,"template":"","format":"standard","meta":{"site-sidebar-layout":"default","site-content-layout":"","ast-site-content-layout":"default","site-content-style":"default","site-sidebar-style":"default","ast-global-header-display":"","ast-banner-title-visibility":"","ast-main-header-display":"","ast-hfb-above-header-display":"","ast-hfb-below-header-display":"","ast-hfb-mobile-header-display":"","site-post-title":"","ast-breadcrumbs-content":"","ast-featured-img":"","footer-sml-layout":"","ast-disable-related-posts":"","theme-transparent-header-meta":"","adv-header-id-meta":"","stick-header-meta":"","header-above-stick-meta":"","header-main-stick-meta":"","header-below-stick-meta":"","astra-migrate-meta-layouts":"default","ast-page-background-enabled":"default","ast-page-background-meta":{"desktop":{"background-color":"var(--ast-global-color-4)","background-image":"","background-repeat":"repeat","background-position":"center center","background-size":"auto","background-attachment":"scroll","background-type":"","background-media":"","overlay-type":"","overlay-color":"","overlay-opacity":"","overlay-gradient":""},"tablet":{"background-color":"","background-image":"","background-repeat":"repeat","background-position":"center center","background-size":"auto","background-attachment":"scroll","background-type":"","background-media":"","overlay-type":"","overlay-color":"","overlay-opacity":"","overlay-gradient":""},"mobile":{"background-color":"","background-image":"","background-repeat":"repeat","background-position":"center center","background-size":"auto","background-attachment":"scroll","background-type":"","background-media":"","overlay-type":"","overlay-color":"","overlay-opacity":"","overlay-gradient":""}},"ast-content-background-meta":{"desktop":{"background-color":"var(--ast-global-color-5)","background-image":"","background-repeat":"repeat","background-position":"center center","background-size":"auto","background-attachment":"scroll","background-type":"","background-media":"","overlay-type":"","overlay-color":"","overlay-opacity":"","overlay-gradient":""},"tablet":{"background-color":"var(--ast-global-color-5)","background-image":"","background-repeat":"repeat","background-position":"center center","background-size":"auto","background-attachment":"scroll","background-type":"","background-media":"","overlay-type":"","overlay-color":"","overlay-opacity":"","overlay-gradient":""},"mobile":{"background-color":"var(--ast-global-color-5)","background-image":"","background-repeat":"repeat","background-position":"center center","background-size":"auto","background-attachment":"scroll","background-type":"","background-media":"","overlay-type":"","overlay-color":"","overlay-opacity":"","overlay-gradient":""}},"footnotes":""},"categories":[1,31],"tags":[],"class_list":["post-51828","post","type-post","status-publish","format-standard","has-post-thumbnail","hentry","category-allgemein","category-muss"],"yoast_head":"<!-- This site is optimized with the Yoast SEO plugin v27.5 - https:\/\/yoast.com\/product\/yoast-seo-wordpress\/ -->\n<title>CargoLine ordnet die F\u00fchrungsebene um J\u00f6rn Peter Struck neu - John Spedition GmbH - Ihr Partner<\/title>\n<meta name=\"robots\" content=\"noindex, follow, max-snippet:-1, max-image-preview:large, max-video-preview:-1\" \/>\n<meta property=\"og:locale\" content=\"de_DE\" \/>\n<meta property=\"og:type\" content=\"article\" \/>\n<meta property=\"og:title\" content=\"CargoLine ordnet die F\u00fchrungsebene um J\u00f6rn Peter Struck neu - John Spedition GmbH - Ihr Partner\" \/>\n<meta property=\"og:description\" content=\"Mit dem Ziel, CargoLine nachhaltig f\u00fcr die Zukunft aufzustellen, erh\u00e4lt die St\u00fcckgutkooperation ein dreik\u00f6pfiges F\u00fchrungsteam: J\u00f6rn Peter Struck, der weiterhin als Gesch\u00e4ftsf\u00fchrer die Gesamtverantwortung tragen wird, bekommt Verst\u00e4rkung durch Sebastian [&hellip;]\" \/>\n<meta property=\"og:url\" content=\"https:\/\/twin.cargoline.de\/john-spedition\/cargoline-ordnet-die-fuehrungsebene-um-joern-peter-struck-neu\/\" \/>\n<meta property=\"og:site_name\" content=\"John Spedition GmbH - Ihr Partner\" \/>\n<meta property=\"article:published_time\" content=\"2024-09-17T09:30:48+00:00\" \/>\n<meta name=\"author\" content=\"sandradurschang\" \/>\n<meta name=\"twitter:card\" content=\"summary_large_image\" \/>\n<meta name=\"twitter:label1\" content=\"Verfasst von\" \/>\n\t<meta name=\"twitter:data1\" content=\"sandradurschang\" \/>\n\t<meta name=\"twitter:label2\" content=\"Gesch\u00e4tzte Lesezeit\" \/>\n\t<meta name=\"twitter:data2\" content=\"2\u00a0Minuten\" \/>\n<script type=\"application\/ld+json\" class=\"yoast-schema-graph\">{\"@context\":\"https:\\\/\\\/schema.org\",\"@graph\":[{\"@type\":\"Article\",\"@id\":\"https:\\\/\\\/twin.cargoline.de\\\/john-spedition\\\/cargoline-ordnet-die-fuehrungsebene-um-joern-peter-struck-neu\\\/#article\",\"isPartOf\":{\"@id\":\"https:\\\/\\\/twin.cargoline.de\\\/john-spedition\\\/cargoline-ordnet-die-fuehrungsebene-um-joern-peter-struck-neu\\\/\"},\"author\":{\"name\":\"sandradurschang\",\"@id\":\"https:\\\/\\\/twin.cargoline.de\\\/john-spedition\\\/#\\\/schema\\\/person\\\/c5d24e830a4a748962f1345116014cbc\"},\"headline\":\"CargoLine ordnet die F\u00fchrungsebene um J\u00f6rn Peter Struck neu\",\"datePublished\":\"2024-09-17T09:30:48+00:00\",\"mainEntityOfPage\":{\"@id\":\"https:\\\/\\\/twin.cargoline.de\\\/john-spedition\\\/cargoline-ordnet-die-fuehrungsebene-um-joern-peter-struck-neu\\\/\"},\"wordCount\":501,\"publisher\":{\"@id\":\"https:\\\/\\\/twin.cargoline.de\\\/john-spedition\\\/#organization\"},\"image\":{\"@id\":\"https:\\\/\\\/twin.cargoline.de\\\/john-spedition\\\/cargoline-ordnet-die-fuehrungsebene-um-joern-peter-struck-neu\\\/#primaryimage\"},\"thumbnailUrl\":\"https:\\\/\\\/twin.cargoline.de\\\/john-spedition\\\/wp-content\\\/uploads\\\/sites\\\/67\\\/2026\\\/04\\\/Neue_Fuehrung_CL_4245_09-2024_CMYK_3_cropped_web-1.jpg\",\"articleSection\":{\"1\":\"Muss\"},\"inLanguage\":\"de\"},{\"@type\":\"WebPage\",\"@id\":\"https:\\\/\\\/twin.cargoline.de\\\/john-spedition\\\/cargoline-ordnet-die-fuehrungsebene-um-joern-peter-struck-neu\\\/\",\"url\":\"https:\\\/\\\/twin.cargoline.de\\\/john-spedition\\\/cargoline-ordnet-die-fuehrungsebene-um-joern-peter-struck-neu\\\/\",\"name\":\"CargoLine ordnet die F\u00fchrungsebene um J\u00f6rn Peter Struck neu - John Spedition GmbH - Ihr Partner\",\"isPartOf\":{\"@id\":\"https:\\\/\\\/twin.cargoline.de\\\/john-spedition\\\/#website\"},\"primaryImageOfPage\":{\"@id\":\"https:\\\/\\\/twin.cargoline.de\\\/john-spedition\\\/cargoline-ordnet-die-fuehrungsebene-um-joern-peter-struck-neu\\\/#primaryimage\"},\"image\":{\"@id\":\"https:\\\/\\\/twin.cargoline.de\\\/john-spedition\\\/cargoline-ordnet-die-fuehrungsebene-um-joern-peter-struck-neu\\\/#primaryimage\"},\"thumbnailUrl\":\"https:\\\/\\\/twin.cargoline.de\\\/john-spedition\\\/wp-content\\\/uploads\\\/sites\\\/67\\\/2026\\\/04\\\/Neue_Fuehrung_CL_4245_09-2024_CMYK_3_cropped_web-1.jpg\",\"datePublished\":\"2024-09-17T09:30:48+00:00\",\"breadcrumb\":{\"@id\":\"https:\\\/\\\/twin.cargoline.de\\\/john-spedition\\\/cargoline-ordnet-die-fuehrungsebene-um-joern-peter-struck-neu\\\/#breadcrumb\"},\"inLanguage\":\"de\",\"potentialAction\":[{\"@type\":\"ReadAction\",\"target\":[\"https:\\\/\\\/twin.cargoline.de\\\/john-spedition\\\/cargoline-ordnet-die-fuehrungsebene-um-joern-peter-struck-neu\\\/\"]}]},{\"@type\":\"ImageObject\",\"inLanguage\":\"de\",\"@id\":\"https:\\\/\\\/twin.cargoline.de\\\/john-spedition\\\/cargoline-ordnet-die-fuehrungsebene-um-joern-peter-struck-neu\\\/#primaryimage\",\"url\":\"https:\\\/\\\/twin.cargoline.de\\\/john-spedition\\\/wp-content\\\/uploads\\\/sites\\\/67\\\/2026\\\/04\\\/Neue_Fuehrung_CL_4245_09-2024_CMYK_3_cropped_web-1.jpg\",\"contentUrl\":\"https:\\\/\\\/twin.cargoline.de\\\/john-spedition\\\/wp-content\\\/uploads\\\/sites\\\/67\\\/2026\\\/04\\\/Neue_Fuehrung_CL_4245_09-2024_CMYK_3_cropped_web-1.jpg\"},{\"@type\":\"BreadcrumbList\",\"@id\":\"https:\\\/\\\/twin.cargoline.de\\\/john-spedition\\\/cargoline-ordnet-die-fuehrungsebene-um-joern-peter-struck-neu\\\/#breadcrumb\",\"itemListElement\":[{\"@type\":\"ListItem\",\"position\":1,\"name\":\"Startseite\",\"item\":\"https:\\\/\\\/twin.cargoline.de\\\/john-spedition\\\/\"},{\"@type\":\"ListItem\",\"position\":2,\"name\":\"CargoLine ordnet die F\u00fchrungsebene um J\u00f6rn Peter Struck neu\"}]},{\"@type\":\"WebSite\",\"@id\":\"https:\\\/\\\/twin.cargoline.de\\\/john-spedition\\\/#website\",\"url\":\"https:\\\/\\\/twin.cargoline.de\\\/john-spedition\\\/\",\"name\":\"John Spedition GmbH - Ihr Partner\",\"description\":\"code-x - Internet &amp; Marketing\",\"publisher\":{\"@id\":\"https:\\\/\\\/twin.cargoline.de\\\/john-spedition\\\/#organization\"},\"potentialAction\":[{\"@type\":\"SearchAction\",\"target\":{\"@type\":\"EntryPoint\",\"urlTemplate\":\"https:\\\/\\\/twin.cargoline.de\\\/john-spedition\\\/?s={search_term_string}\"},\"query-input\":{\"@type\":\"PropertyValueSpecification\",\"valueRequired\":true,\"valueName\":\"search_term_string\"}}],\"inLanguage\":\"de\"},{\"@type\":\"Organization\",\"@id\":\"https:\\\/\\\/twin.cargoline.de\\\/john-spedition\\\/#organization\",\"name\":\"John Spedition GmbH - Ihr Partner\",\"url\":\"https:\\\/\\\/twin.cargoline.de\\\/john-spedition\\\/\",\"logo\":{\"@type\":\"ImageObject\",\"inLanguage\":\"de\",\"@id\":\"https:\\\/\\\/twin.cargoline.de\\\/john-spedition\\\/#\\\/schema\\\/logo\\\/image\\\/\",\"url\":\"https:\\\/\\\/twin.cargoline.de\\\/john-spedition\\\/wp-content\\\/uploads\\\/sites\\\/67\\\/2025\\\/11\\\/Logo_John_Zusatz.webp\",\"contentUrl\":\"https:\\\/\\\/twin.cargoline.de\\\/john-spedition\\\/wp-content\\\/uploads\\\/sites\\\/67\\\/2025\\\/11\\\/Logo_John_Zusatz.webp\",\"width\":1181,\"height\":709,\"caption\":\"John Spedition GmbH - Ihr Partner\"},\"image\":{\"@id\":\"https:\\\/\\\/twin.cargoline.de\\\/john-spedition\\\/#\\\/schema\\\/logo\\\/image\\\/\"}},{\"@type\":\"Person\",\"@id\":\"https:\\\/\\\/twin.cargoline.de\\\/john-spedition\\\/#\\\/schema\\\/person\\\/c5d24e830a4a748962f1345116014cbc\",\"name\":\"sandradurschang\",\"image\":{\"@type\":\"ImageObject\",\"inLanguage\":\"de\",\"@id\":\"https:\\\/\\\/secure.gravatar.com\\\/avatar\\\/05bc1ab428a59ab38499bad65da12dff25b865b7d2b54dd8e479ae68a584c229?s=96&d=mm&r=g\",\"url\":\"https:\\\/\\\/secure.gravatar.com\\\/avatar\\\/05bc1ab428a59ab38499bad65da12dff25b865b7d2b54dd8e479ae68a584c229?s=96&d=mm&r=g\",\"contentUrl\":\"https:\\\/\\\/secure.gravatar.com\\\/avatar\\\/05bc1ab428a59ab38499bad65da12dff25b865b7d2b54dd8e479ae68a584c229?s=96&d=mm&r=g\",\"caption\":\"sandradurschang\"},\"url\":\"https:\\\/\\\/twin.cargoline.de\\\/john-spedition\\\/author\\\/sandra-durschang\\\/\"}]}<\/script>\n<!-- \/ Yoast SEO plugin. -->","yoast_head_json":{"title":"CargoLine ordnet die F\u00fchrungsebene um J\u00f6rn Peter Struck neu - John Spedition GmbH - Ihr Partner","robots":{"index":"noindex","follow":"follow","max-snippet":"max-snippet:-1","max-image-preview":"max-image-preview:large","max-video-preview":"max-video-preview:-1"},"og_locale":"de_DE","og_type":"article","og_title":"CargoLine ordnet die F\u00fchrungsebene um J\u00f6rn Peter Struck neu - John Spedition GmbH - Ihr Partner","og_description":"Mit dem Ziel, CargoLine nachhaltig f\u00fcr die Zukunft aufzustellen, erh\u00e4lt die St\u00fcckgutkooperation ein dreik\u00f6pfiges F\u00fchrungsteam: J\u00f6rn Peter Struck, der weiterhin als Gesch\u00e4ftsf\u00fchrer die Gesamtverantwortung tragen wird, bekommt Verst\u00e4rkung durch Sebastian [&hellip;]","og_url":"https:\/\/twin.cargoline.de\/john-spedition\/cargoline-ordnet-die-fuehrungsebene-um-joern-peter-struck-neu\/","og_site_name":"John Spedition GmbH - Ihr Partner","article_published_time":"2024-09-17T09:30:48+00:00","author":"sandradurschang","twitter_card":"summary_large_image","twitter_misc":{"Verfasst von":"sandradurschang","Gesch\u00e4tzte Lesezeit":"2\u00a0Minuten"},"schema":{"@context":"https:\/\/schema.org","@graph":[{"@type":"Article","@id":"https:\/\/twin.cargoline.de\/john-spedition\/cargoline-ordnet-die-fuehrungsebene-um-joern-peter-struck-neu\/#article","isPartOf":{"@id":"https:\/\/twin.cargoline.de\/john-spedition\/cargoline-ordnet-die-fuehrungsebene-um-joern-peter-struck-neu\/"},"author":{"name":"sandradurschang","@id":"https:\/\/twin.cargoline.de\/john-spedition\/#\/schema\/person\/c5d24e830a4a748962f1345116014cbc"},"headline":"CargoLine ordnet die F\u00fchrungsebene um J\u00f6rn Peter Struck neu","datePublished":"2024-09-17T09:30:48+00:00","mainEntityOfPage":{"@id":"https:\/\/twin.cargoline.de\/john-spedition\/cargoline-ordnet-die-fuehrungsebene-um-joern-peter-struck-neu\/"},"wordCount":501,"publisher":{"@id":"https:\/\/twin.cargoline.de\/john-spedition\/#organization"},"image":{"@id":"https:\/\/twin.cargoline.de\/john-spedition\/cargoline-ordnet-die-fuehrungsebene-um-joern-peter-struck-neu\/#primaryimage"},"thumbnailUrl":"https:\/\/twin.cargoline.de\/john-spedition\/wp-content\/uploads\/sites\/67\/2026\/04\/Neue_Fuehrung_CL_4245_09-2024_CMYK_3_cropped_web-1.jpg","articleSection":{"1":"Muss"},"inLanguage":"de"},{"@type":"WebPage","@id":"https:\/\/twin.cargoline.de\/john-spedition\/cargoline-ordnet-die-fuehrungsebene-um-joern-peter-struck-neu\/","url":"https:\/\/twin.cargoline.de\/john-spedition\/cargoline-ordnet-die-fuehrungsebene-um-joern-peter-struck-neu\/","name":"CargoLine ordnet die F\u00fchrungsebene um J\u00f6rn Peter Struck neu - John Spedition GmbH - Ihr Partner","isPartOf":{"@id":"https:\/\/twin.cargoline.de\/john-spedition\/#website"},"primaryImageOfPage":{"@id":"https:\/\/twin.cargoline.de\/john-spedition\/cargoline-ordnet-die-fuehrungsebene-um-joern-peter-struck-neu\/#primaryimage"},"image":{"@id":"https:\/\/twin.cargoline.de\/john-spedition\/cargoline-ordnet-die-fuehrungsebene-um-joern-peter-struck-neu\/#primaryimage"},"thumbnailUrl":"https:\/\/twin.cargoline.de\/john-spedition\/wp-content\/uploads\/sites\/67\/2026\/04\/Neue_Fuehrung_CL_4245_09-2024_CMYK_3_cropped_web-1.jpg","datePublished":"2024-09-17T09:30:48+00:00","breadcrumb":{"@id":"https:\/\/twin.cargoline.de\/john-spedition\/cargoline-ordnet-die-fuehrungsebene-um-joern-peter-struck-neu\/#breadcrumb"},"inLanguage":"de","potentialAction":[{"@type":"ReadAction","target":["https:\/\/twin.cargoline.de\/john-spedition\/cargoline-ordnet-die-fuehrungsebene-um-joern-peter-struck-neu\/"]}]},{"@type":"ImageObject","inLanguage":"de","@id":"https:\/\/twin.cargoline.de\/john-spedition\/cargoline-ordnet-die-fuehrungsebene-um-joern-peter-struck-neu\/#primaryimage","url":"https:\/\/twin.cargoline.de\/john-spedition\/wp-content\/uploads\/sites\/67\/2026\/04\/Neue_Fuehrung_CL_4245_09-2024_CMYK_3_cropped_web-1.jpg","contentUrl":"https:\/\/twin.cargoline.de\/john-spedition\/wp-content\/uploads\/sites\/67\/2026\/04\/Neue_Fuehrung_CL_4245_09-2024_CMYK_3_cropped_web-1.jpg"},{"@type":"BreadcrumbList","@id":"https:\/\/twin.cargoline.de\/john-spedition\/cargoline-ordnet-die-fuehrungsebene-um-joern-peter-struck-neu\/#breadcrumb","itemListElement":[{"@type":"ListItem","position":1,"name":"Startseite","item":"https:\/\/twin.cargoline.de\/john-spedition\/"},{"@type":"ListItem","position":2,"name":"CargoLine ordnet die F\u00fchrungsebene um J\u00f6rn Peter Struck neu"}]},{"@type":"WebSite","@id":"https:\/\/twin.cargoline.de\/john-spedition\/#website","url":"https:\/\/twin.cargoline.de\/john-spedition\/","name":"John Spedition GmbH - Ihr Partner","description":"code-x - Internet &amp; Marketing","publisher":{"@id":"https:\/\/twin.cargoline.de\/john-spedition\/#organization"},"potentialAction":[{"@type":"SearchAction","target":{"@type":"EntryPoint","urlTemplate":"https:\/\/twin.cargoline.de\/john-spedition\/?s={search_term_string}"},"query-input":{"@type":"PropertyValueSpecification","valueRequired":true,"valueName":"search_term_string"}}],"inLanguage":"de"},{"@type":"Organization","@id":"https:\/\/twin.cargoline.de\/john-spedition\/#organization","name":"John Spedition GmbH - Ihr Partner","url":"https:\/\/twin.cargoline.de\/john-spedition\/","logo":{"@type":"ImageObject","inLanguage":"de","@id":"https:\/\/twin.cargoline.de\/john-spedition\/#\/schema\/logo\/image\/","url":"https:\/\/twin.cargoline.de\/john-spedition\/wp-content\/uploads\/sites\/67\/2025\/11\/Logo_John_Zusatz.webp","contentUrl":"https:\/\/twin.cargoline.de\/john-spedition\/wp-content\/uploads\/sites\/67\/2025\/11\/Logo_John_Zusatz.webp","width":1181,"height":709,"caption":"John Spedition GmbH - Ihr Partner"},"image":{"@id":"https:\/\/twin.cargoline.de\/john-spedition\/#\/schema\/logo\/image\/"}},{"@type":"Person","@id":"https:\/\/twin.cargoline.de\/john-spedition\/#\/schema\/person\/c5d24e830a4a748962f1345116014cbc","name":"sandradurschang","image":{"@type":"ImageObject","inLanguage":"de","@id":"https:\/\/secure.gravatar.com\/avatar\/05bc1ab428a59ab38499bad65da12dff25b865b7d2b54dd8e479ae68a584c229?s=96&d=mm&r=g","url":"https:\/\/secure.gravatar.com\/avatar\/05bc1ab428a59ab38499bad65da12dff25b865b7d2b54dd8e479ae68a584c229?s=96&d=mm&r=g","contentUrl":"https:\/\/secure.gravatar.com\/avatar\/05bc1ab428a59ab38499bad65da12dff25b865b7d2b54dd8e479ae68a584c229?s=96&d=mm&r=g","caption":"sandradurschang"},"url":"https:\/\/twin.cargoline.de\/john-spedition\/author\/sandra-durschang\/"}]}},"_links":{"self":[{"href":"https:\/\/twin.cargoline.de\/john-spedition\/wp-json\/wp\/v2\/posts\/51828","targetHints":{"allow":["GET"]}}],"collection":[{"href":"https:\/\/twin.cargoline.de\/john-spedition\/wp-json\/wp\/v2\/posts"}],"about":[{"href":"https:\/\/twin.cargoline.de\/john-spedition\/wp-json\/wp\/v2\/types\/post"}],"author":[{"embeddable":true,"href":"https:\/\/twin.cargoline.de\/john-spedition\/wp-json\/wp\/v2\/users\/3"}],"replies":[{"embeddable":true,"href":"https:\/\/twin.cargoline.de\/john-spedition\/wp-json\/wp\/v2\/comments?post=51828"}],"version-history":[{"count":0,"href":"https:\/\/twin.cargoline.de\/john-spedition\/wp-json\/wp\/v2\/posts\/51828\/revisions"}],"wp:featuredmedia":[{"embeddable":true,"href":"https:\/\/twin.cargoline.de\/john-spedition\/wp-json\/wp\/v2\/media\/51829"}],"wp:attachment":[{"href":"https:\/\/twin.cargoline.de\/john-spedition\/wp-json\/wp\/v2\/media?parent=51828"}],"wp:term":[{"taxonomy":"category","embeddable":true,"href":"https:\/\/twin.cargoline.de\/john-spedition\/wp-json\/wp\/v2\/categories?post=51828"},{"taxonomy":"post_tag","embeddable":true,"href":"https:\/\/twin.cargoline.de\/john-spedition\/wp-json\/wp\/v2\/tags?post=51828"}],"curies":[{"name":"wp","href":"https:\/\/api.w.org\/{rel}","templated":true}]}}