{"id":51826,"date":"2024-08-01T14:56:38","date_gmt":"2024-08-01T12:56:38","guid":{"rendered":"https:\/\/twin.cargoline.de\/john-spedition\/emons-bexbach-konzentriert-sich-auf-cargoline-und-emons\/"},"modified":"2024-08-01T14:56:38","modified_gmt":"2024-08-01T12:56:38","slug":"emons-bexbach-konzentriert-sich-auf-cargoline-und-emons","status":"publish","type":"post","link":"https:\/\/twin.cargoline.de\/john-spedition\/emons-bexbach-konzentriert-sich-auf-cargoline-und-emons\/","title":{"rendered":"Emons Bexbach konzentriert sich auf CargoLine und Emons"},"content":{"rendered":"\n<p>Ab 1. August deckt Emons in Bexbach das Saarland zus\u00e4tzlich zum Emons-Netzwerk exklusiv f\u00fcr den CargoLine-Verbund ab. Damit wird die erste Emons-Niederlassung aufgeschaltet, seit der Transport- und Logistikdienstleister mit Hauptsitz in K\u00f6ln zum Jahreswechsel Gesellschafter der St\u00fcckgutkooperation wurde.<\/p>\n\n\n\n<p>Der Standort in Bexbach mit seinen 45 Mitarbeitern, 3.800 Quadratmetern Umschlag- und 1.000 Quadratmetern Logistikfl\u00e4che ist ins CargoLine-Netzwerk eingebunden, die Franchisenehmer fahren ihn somit direkt an. Dar\u00fcber hinaus bedient er t\u00e4glich den Hub der St\u00fcckgutkooperation in Niederaula. Die Niederlassung bietet das komplette Sendungsportfolio des Verbunds an und ist an die umf\u00e4ngliche Cepra-Umgebung angeschlossen, dem Track &amp; Trace-System der CargoLine.<\/p>\n\n\n\n<p>&#8222;Wir freuen uns, diese Gebiete ab sofort mit einem 100-prozentigen Franchisenehmer abzudecken und so unseren Verbund noch leistungsf\u00e4higer und sicherer zu machen. Emons und CargoLine begegnen sich operativ, digital und vom Arbeitsethos her auf Augenh\u00f6he. Dies wird Prozesse vereinfachen und Kunden, egal ob als Verlader oder als Empf\u00e4nger, einen besseren Zugriff auf unser Portfolio und unsere Onlineservices geben&#8220;, erl\u00e4utert CargoLine-Gesch\u00e4ftsf\u00fchrer J\u00f6rn Peter Struck.<\/p>\n\n\n\n<p>&#8222;Beide Netzwerke \u2013 CargoLine und Emons \u2013 zeichnen sich durch eine hervorragende Qualit\u00e4t aus. Mit den gleichen hohen Standards wird das Leistungsniveau bundesweit in der Zustellung und Beschaffungslogistik, zum Wohle unserer Kunden, steigen. Wir sch\u00e4tzen es zudem, uns gemeinsam den Herausforderungen im St\u00fcckgutgesch\u00e4ft zu stellen. In der Digitalisierung, Prozessverschlankung, etc. werden wir als Partner Synergien heben&#8220;, ist Ralf Wieland, CEO von Emons, \u00fcberzeugt.<\/p>\n\n\n\n<p>Bis zum Ende des Jahres werden zwei weitere Emons-Standorte in den CargoLine-Verbund integriert, Magdeburg zum 1. Dezember 2024 und Karlsruhe zum 1. Januar 2025. Die neuen Franchisenehmer ersetzen die bisherigen Systempartner Ritter (Krage &amp; Gerloff) und Noerpel (ehemals NLG) in diesen Regionen.\u2003<\/p>\n","protected":false},"excerpt":{"rendered":"<p>Ab 1. August deckt Emons in Bexbach das Saarland zus\u00e4tzlich zum Emons-Netzwerk exklusiv f\u00fcr den CargoLine-Verbund ab. Damit wird die erste Emons-Niederlassung aufgeschaltet, seit der Transport- und Logistikdienstleister mit Hauptsitz [&hellip;]<\/p>\n","protected":false},"author":3,"featured_media":51827,"comment_status":"closed","ping_status":"closed","sticky":false,"template":"","format":"standard","meta":{"site-sidebar-layout":"default","site-content-layout":"","ast-site-content-layout":"default","site-content-style":"default","site-sidebar-style":"default","ast-global-header-display":"","ast-banner-title-visibility":"","ast-main-header-display":"","ast-hfb-above-header-display":"","ast-hfb-below-header-display":"","ast-hfb-mobile-header-display":"","site-post-title":"","ast-breadcrumbs-content":"","ast-featured-img":"","footer-sml-layout":"","ast-disable-related-posts":"","theme-transparent-header-meta":"","adv-header-id-meta":"","stick-header-meta":"","header-above-stick-meta":"","header-main-stick-meta":"","header-below-stick-meta":"","astra-migrate-meta-layouts":"default","ast-page-background-enabled":"default","ast-page-background-meta":{"desktop":{"background-color":"var(--ast-global-color-4)","background-image":"","background-repeat":"repeat","background-position":"center center","background-size":"auto","background-attachment":"scroll","background-type":"","background-media":"","overlay-type":"","overlay-color":"","overlay-opacity":"","overlay-gradient":""},"tablet":{"background-color":"","background-image":"","background-repeat":"repeat","background-position":"center center","background-size":"auto","background-attachment":"scroll","background-type":"","background-media":"","overlay-type":"","overlay-color":"","overlay-opacity":"","overlay-gradient":""},"mobile":{"background-color":"","background-image":"","background-repeat":"repeat","background-position":"center center","background-size":"auto","background-attachment":"scroll","background-type":"","background-media":"","overlay-type":"","overlay-color":"","overlay-opacity":"","overlay-gradient":""}},"ast-content-background-meta":{"desktop":{"background-color":"var(--ast-global-color-5)","background-image":"","background-repeat":"repeat","background-position":"center center","background-size":"auto","background-attachment":"scroll","background-type":"","background-media":"","overlay-type":"","overlay-color":"","overlay-opacity":"","overlay-gradient":""},"tablet":{"background-color":"var(--ast-global-color-5)","background-image":"","background-repeat":"repeat","background-position":"center center","background-size":"auto","background-attachment":"scroll","background-type":"","background-media":"","overlay-type":"","overlay-color":"","overlay-opacity":"","overlay-gradient":""},"mobile":{"background-color":"var(--ast-global-color-5)","background-image":"","background-repeat":"repeat","background-position":"center center","background-size":"auto","background-attachment":"scroll","background-type":"","background-media":"","overlay-type":"","overlay-color":"","overlay-opacity":"","overlay-gradient":""}},"footnotes":""},"categories":[1,31],"tags":[],"class_list":["post-51826","post","type-post","status-publish","format-standard","has-post-thumbnail","hentry","category-allgemein","category-muss"],"yoast_head":"<!-- This site is optimized with the Yoast SEO plugin v27.5 - https:\/\/yoast.com\/product\/yoast-seo-wordpress\/ -->\n<title>Emons Bexbach konzentriert sich auf CargoLine und Emons - John Spedition GmbH - Ihr Partner<\/title>\n<meta name=\"robots\" content=\"noindex, follow, max-snippet:-1, max-image-preview:large, max-video-preview:-1\" \/>\n<meta property=\"og:locale\" content=\"de_DE\" \/>\n<meta property=\"og:type\" content=\"article\" \/>\n<meta property=\"og:title\" content=\"Emons Bexbach konzentriert sich auf CargoLine und Emons - John Spedition GmbH - Ihr Partner\" \/>\n<meta property=\"og:description\" content=\"Ab 1. August deckt Emons in Bexbach das Saarland zus\u00e4tzlich zum Emons-Netzwerk exklusiv f\u00fcr den CargoLine-Verbund ab. Damit wird die erste Emons-Niederlassung aufgeschaltet, seit der Transport- und Logistikdienstleister mit Hauptsitz [&hellip;]\" \/>\n<meta property=\"og:url\" content=\"https:\/\/twin.cargoline.de\/john-spedition\/emons-bexbach-konzentriert-sich-auf-cargoline-und-emons\/\" \/>\n<meta property=\"og:site_name\" content=\"John Spedition GmbH - Ihr Partner\" \/>\n<meta property=\"article:published_time\" content=\"2024-08-01T12:56:38+00:00\" \/>\n<meta name=\"author\" content=\"sandradurschang\" \/>\n<meta name=\"twitter:card\" content=\"summary_large_image\" \/>\n<meta name=\"twitter:label1\" content=\"Verfasst von\" \/>\n\t<meta name=\"twitter:data1\" content=\"sandradurschang\" \/>\n\t<meta name=\"twitter:label2\" content=\"Gesch\u00e4tzte Lesezeit\" \/>\n\t<meta name=\"twitter:data2\" content=\"1\u00a0Minute\" \/>\n<script type=\"application\/ld+json\" class=\"yoast-schema-graph\">{\"@context\":\"https:\\\/\\\/schema.org\",\"@graph\":[{\"@type\":\"Article\",\"@id\":\"https:\\\/\\\/twin.cargoline.de\\\/john-spedition\\\/emons-bexbach-konzentriert-sich-auf-cargoline-und-emons\\\/#article\",\"isPartOf\":{\"@id\":\"https:\\\/\\\/twin.cargoline.de\\\/john-spedition\\\/emons-bexbach-konzentriert-sich-auf-cargoline-und-emons\\\/\"},\"author\":{\"name\":\"sandradurschang\",\"@id\":\"https:\\\/\\\/twin.cargoline.de\\\/john-spedition\\\/#\\\/schema\\\/person\\\/c5d24e830a4a748962f1345116014cbc\"},\"headline\":\"Emons Bexbach konzentriert sich auf CargoLine und Emons\",\"datePublished\":\"2024-08-01T12:56:38+00:00\",\"mainEntityOfPage\":{\"@id\":\"https:\\\/\\\/twin.cargoline.de\\\/john-spedition\\\/emons-bexbach-konzentriert-sich-auf-cargoline-und-emons\\\/\"},\"wordCount\":283,\"publisher\":{\"@id\":\"https:\\\/\\\/twin.cargoline.de\\\/john-spedition\\\/#organization\"},\"image\":{\"@id\":\"https:\\\/\\\/twin.cargoline.de\\\/john-spedition\\\/emons-bexbach-konzentriert-sich-auf-cargoline-und-emons\\\/#primaryimage\"},\"thumbnailUrl\":\"https:\\\/\\\/twin.cargoline.de\\\/john-spedition\\\/wp-content\\\/uploads\\\/sites\\\/67\\\/2026\\\/04\\\/Sattel-am-Hub.jpg\",\"articleSection\":{\"1\":\"Muss\"},\"inLanguage\":\"de\"},{\"@type\":\"WebPage\",\"@id\":\"https:\\\/\\\/twin.cargoline.de\\\/john-spedition\\\/emons-bexbach-konzentriert-sich-auf-cargoline-und-emons\\\/\",\"url\":\"https:\\\/\\\/twin.cargoline.de\\\/john-spedition\\\/emons-bexbach-konzentriert-sich-auf-cargoline-und-emons\\\/\",\"name\":\"Emons Bexbach konzentriert sich auf CargoLine und Emons - John Spedition GmbH - Ihr Partner\",\"isPartOf\":{\"@id\":\"https:\\\/\\\/twin.cargoline.de\\\/john-spedition\\\/#website\"},\"primaryImageOfPage\":{\"@id\":\"https:\\\/\\\/twin.cargoline.de\\\/john-spedition\\\/emons-bexbach-konzentriert-sich-auf-cargoline-und-emons\\\/#primaryimage\"},\"image\":{\"@id\":\"https:\\\/\\\/twin.cargoline.de\\\/john-spedition\\\/emons-bexbach-konzentriert-sich-auf-cargoline-und-emons\\\/#primaryimage\"},\"thumbnailUrl\":\"https:\\\/\\\/twin.cargoline.de\\\/john-spedition\\\/wp-content\\\/uploads\\\/sites\\\/67\\\/2026\\\/04\\\/Sattel-am-Hub.jpg\",\"datePublished\":\"2024-08-01T12:56:38+00:00\",\"breadcrumb\":{\"@id\":\"https:\\\/\\\/twin.cargoline.de\\\/john-spedition\\\/emons-bexbach-konzentriert-sich-auf-cargoline-und-emons\\\/#breadcrumb\"},\"inLanguage\":\"de\",\"potentialAction\":[{\"@type\":\"ReadAction\",\"target\":[\"https:\\\/\\\/twin.cargoline.de\\\/john-spedition\\\/emons-bexbach-konzentriert-sich-auf-cargoline-und-emons\\\/\"]}]},{\"@type\":\"ImageObject\",\"inLanguage\":\"de\",\"@id\":\"https:\\\/\\\/twin.cargoline.de\\\/john-spedition\\\/emons-bexbach-konzentriert-sich-auf-cargoline-und-emons\\\/#primaryimage\",\"url\":\"https:\\\/\\\/twin.cargoline.de\\\/john-spedition\\\/wp-content\\\/uploads\\\/sites\\\/67\\\/2026\\\/04\\\/Sattel-am-Hub.jpg\",\"contentUrl\":\"https:\\\/\\\/twin.cargoline.de\\\/john-spedition\\\/wp-content\\\/uploads\\\/sites\\\/67\\\/2026\\\/04\\\/Sattel-am-Hub.jpg\"},{\"@type\":\"BreadcrumbList\",\"@id\":\"https:\\\/\\\/twin.cargoline.de\\\/john-spedition\\\/emons-bexbach-konzentriert-sich-auf-cargoline-und-emons\\\/#breadcrumb\",\"itemListElement\":[{\"@type\":\"ListItem\",\"position\":1,\"name\":\"Startseite\",\"item\":\"https:\\\/\\\/twin.cargoline.de\\\/john-spedition\\\/\"},{\"@type\":\"ListItem\",\"position\":2,\"name\":\"Emons Bexbach konzentriert sich auf CargoLine und Emons\"}]},{\"@type\":\"WebSite\",\"@id\":\"https:\\\/\\\/twin.cargoline.de\\\/john-spedition\\\/#website\",\"url\":\"https:\\\/\\\/twin.cargoline.de\\\/john-spedition\\\/\",\"name\":\"John Spedition GmbH - Ihr Partner\",\"description\":\"code-x - Internet &amp; Marketing\",\"publisher\":{\"@id\":\"https:\\\/\\\/twin.cargoline.de\\\/john-spedition\\\/#organization\"},\"potentialAction\":[{\"@type\":\"SearchAction\",\"target\":{\"@type\":\"EntryPoint\",\"urlTemplate\":\"https:\\\/\\\/twin.cargoline.de\\\/john-spedition\\\/?s={search_term_string}\"},\"query-input\":{\"@type\":\"PropertyValueSpecification\",\"valueRequired\":true,\"valueName\":\"search_term_string\"}}],\"inLanguage\":\"de\"},{\"@type\":\"Organization\",\"@id\":\"https:\\\/\\\/twin.cargoline.de\\\/john-spedition\\\/#organization\",\"name\":\"John Spedition GmbH - Ihr Partner\",\"url\":\"https:\\\/\\\/twin.cargoline.de\\\/john-spedition\\\/\",\"logo\":{\"@type\":\"ImageObject\",\"inLanguage\":\"de\",\"@id\":\"https:\\\/\\\/twin.cargoline.de\\\/john-spedition\\\/#\\\/schema\\\/logo\\\/image\\\/\",\"url\":\"https:\\\/\\\/twin.cargoline.de\\\/john-spedition\\\/wp-content\\\/uploads\\\/sites\\\/67\\\/2025\\\/11\\\/Logo_John_Zusatz.webp\",\"contentUrl\":\"https:\\\/\\\/twin.cargoline.de\\\/john-spedition\\\/wp-content\\\/uploads\\\/sites\\\/67\\\/2025\\\/11\\\/Logo_John_Zusatz.webp\",\"width\":1181,\"height\":709,\"caption\":\"John Spedition GmbH - Ihr Partner\"},\"image\":{\"@id\":\"https:\\\/\\\/twin.cargoline.de\\\/john-spedition\\\/#\\\/schema\\\/logo\\\/image\\\/\"}},{\"@type\":\"Person\",\"@id\":\"https:\\\/\\\/twin.cargoline.de\\\/john-spedition\\\/#\\\/schema\\\/person\\\/c5d24e830a4a748962f1345116014cbc\",\"name\":\"sandradurschang\",\"image\":{\"@type\":\"ImageObject\",\"inLanguage\":\"de\",\"@id\":\"https:\\\/\\\/secure.gravatar.com\\\/avatar\\\/05bc1ab428a59ab38499bad65da12dff25b865b7d2b54dd8e479ae68a584c229?s=96&d=mm&r=g\",\"url\":\"https:\\\/\\\/secure.gravatar.com\\\/avatar\\\/05bc1ab428a59ab38499bad65da12dff25b865b7d2b54dd8e479ae68a584c229?s=96&d=mm&r=g\",\"contentUrl\":\"https:\\\/\\\/secure.gravatar.com\\\/avatar\\\/05bc1ab428a59ab38499bad65da12dff25b865b7d2b54dd8e479ae68a584c229?s=96&d=mm&r=g\",\"caption\":\"sandradurschang\"},\"url\":\"https:\\\/\\\/twin.cargoline.de\\\/john-spedition\\\/author\\\/sandra-durschang\\\/\"}]}<\/script>\n<!-- \/ Yoast SEO plugin. -->","yoast_head_json":{"title":"Emons Bexbach konzentriert sich auf CargoLine und Emons - John Spedition GmbH - Ihr Partner","robots":{"index":"noindex","follow":"follow","max-snippet":"max-snippet:-1","max-image-preview":"max-image-preview:large","max-video-preview":"max-video-preview:-1"},"og_locale":"de_DE","og_type":"article","og_title":"Emons Bexbach konzentriert sich auf CargoLine und Emons - John Spedition GmbH - Ihr Partner","og_description":"Ab 1. August deckt Emons in Bexbach das Saarland zus\u00e4tzlich zum Emons-Netzwerk exklusiv f\u00fcr den CargoLine-Verbund ab. Damit wird die erste Emons-Niederlassung aufgeschaltet, seit der Transport- und Logistikdienstleister mit Hauptsitz [&hellip;]","og_url":"https:\/\/twin.cargoline.de\/john-spedition\/emons-bexbach-konzentriert-sich-auf-cargoline-und-emons\/","og_site_name":"John Spedition GmbH - Ihr Partner","article_published_time":"2024-08-01T12:56:38+00:00","author":"sandradurschang","twitter_card":"summary_large_image","twitter_misc":{"Verfasst von":"sandradurschang","Gesch\u00e4tzte Lesezeit":"1\u00a0Minute"},"schema":{"@context":"https:\/\/schema.org","@graph":[{"@type":"Article","@id":"https:\/\/twin.cargoline.de\/john-spedition\/emons-bexbach-konzentriert-sich-auf-cargoline-und-emons\/#article","isPartOf":{"@id":"https:\/\/twin.cargoline.de\/john-spedition\/emons-bexbach-konzentriert-sich-auf-cargoline-und-emons\/"},"author":{"name":"sandradurschang","@id":"https:\/\/twin.cargoline.de\/john-spedition\/#\/schema\/person\/c5d24e830a4a748962f1345116014cbc"},"headline":"Emons Bexbach konzentriert sich auf CargoLine und Emons","datePublished":"2024-08-01T12:56:38+00:00","mainEntityOfPage":{"@id":"https:\/\/twin.cargoline.de\/john-spedition\/emons-bexbach-konzentriert-sich-auf-cargoline-und-emons\/"},"wordCount":283,"publisher":{"@id":"https:\/\/twin.cargoline.de\/john-spedition\/#organization"},"image":{"@id":"https:\/\/twin.cargoline.de\/john-spedition\/emons-bexbach-konzentriert-sich-auf-cargoline-und-emons\/#primaryimage"},"thumbnailUrl":"https:\/\/twin.cargoline.de\/john-spedition\/wp-content\/uploads\/sites\/67\/2026\/04\/Sattel-am-Hub.jpg","articleSection":{"1":"Muss"},"inLanguage":"de"},{"@type":"WebPage","@id":"https:\/\/twin.cargoline.de\/john-spedition\/emons-bexbach-konzentriert-sich-auf-cargoline-und-emons\/","url":"https:\/\/twin.cargoline.de\/john-spedition\/emons-bexbach-konzentriert-sich-auf-cargoline-und-emons\/","name":"Emons Bexbach konzentriert sich auf CargoLine und Emons - John Spedition GmbH - Ihr Partner","isPartOf":{"@id":"https:\/\/twin.cargoline.de\/john-spedition\/#website"},"primaryImageOfPage":{"@id":"https:\/\/twin.cargoline.de\/john-spedition\/emons-bexbach-konzentriert-sich-auf-cargoline-und-emons\/#primaryimage"},"image":{"@id":"https:\/\/twin.cargoline.de\/john-spedition\/emons-bexbach-konzentriert-sich-auf-cargoline-und-emons\/#primaryimage"},"thumbnailUrl":"https:\/\/twin.cargoline.de\/john-spedition\/wp-content\/uploads\/sites\/67\/2026\/04\/Sattel-am-Hub.jpg","datePublished":"2024-08-01T12:56:38+00:00","breadcrumb":{"@id":"https:\/\/twin.cargoline.de\/john-spedition\/emons-bexbach-konzentriert-sich-auf-cargoline-und-emons\/#breadcrumb"},"inLanguage":"de","potentialAction":[{"@type":"ReadAction","target":["https:\/\/twin.cargoline.de\/john-spedition\/emons-bexbach-konzentriert-sich-auf-cargoline-und-emons\/"]}]},{"@type":"ImageObject","inLanguage":"de","@id":"https:\/\/twin.cargoline.de\/john-spedition\/emons-bexbach-konzentriert-sich-auf-cargoline-und-emons\/#primaryimage","url":"https:\/\/twin.cargoline.de\/john-spedition\/wp-content\/uploads\/sites\/67\/2026\/04\/Sattel-am-Hub.jpg","contentUrl":"https:\/\/twin.cargoline.de\/john-spedition\/wp-content\/uploads\/sites\/67\/2026\/04\/Sattel-am-Hub.jpg"},{"@type":"BreadcrumbList","@id":"https:\/\/twin.cargoline.de\/john-spedition\/emons-bexbach-konzentriert-sich-auf-cargoline-und-emons\/#breadcrumb","itemListElement":[{"@type":"ListItem","position":1,"name":"Startseite","item":"https:\/\/twin.cargoline.de\/john-spedition\/"},{"@type":"ListItem","position":2,"name":"Emons Bexbach konzentriert sich auf CargoLine und Emons"}]},{"@type":"WebSite","@id":"https:\/\/twin.cargoline.de\/john-spedition\/#website","url":"https:\/\/twin.cargoline.de\/john-spedition\/","name":"John Spedition GmbH - Ihr Partner","description":"code-x - Internet &amp; Marketing","publisher":{"@id":"https:\/\/twin.cargoline.de\/john-spedition\/#organization"},"potentialAction":[{"@type":"SearchAction","target":{"@type":"EntryPoint","urlTemplate":"https:\/\/twin.cargoline.de\/john-spedition\/?s={search_term_string}"},"query-input":{"@type":"PropertyValueSpecification","valueRequired":true,"valueName":"search_term_string"}}],"inLanguage":"de"},{"@type":"Organization","@id":"https:\/\/twin.cargoline.de\/john-spedition\/#organization","name":"John Spedition GmbH - Ihr Partner","url":"https:\/\/twin.cargoline.de\/john-spedition\/","logo":{"@type":"ImageObject","inLanguage":"de","@id":"https:\/\/twin.cargoline.de\/john-spedition\/#\/schema\/logo\/image\/","url":"https:\/\/twin.cargoline.de\/john-spedition\/wp-content\/uploads\/sites\/67\/2025\/11\/Logo_John_Zusatz.webp","contentUrl":"https:\/\/twin.cargoline.de\/john-spedition\/wp-content\/uploads\/sites\/67\/2025\/11\/Logo_John_Zusatz.webp","width":1181,"height":709,"caption":"John Spedition GmbH - Ihr Partner"},"image":{"@id":"https:\/\/twin.cargoline.de\/john-spedition\/#\/schema\/logo\/image\/"}},{"@type":"Person","@id":"https:\/\/twin.cargoline.de\/john-spedition\/#\/schema\/person\/c5d24e830a4a748962f1345116014cbc","name":"sandradurschang","image":{"@type":"ImageObject","inLanguage":"de","@id":"https:\/\/secure.gravatar.com\/avatar\/05bc1ab428a59ab38499bad65da12dff25b865b7d2b54dd8e479ae68a584c229?s=96&d=mm&r=g","url":"https:\/\/secure.gravatar.com\/avatar\/05bc1ab428a59ab38499bad65da12dff25b865b7d2b54dd8e479ae68a584c229?s=96&d=mm&r=g","contentUrl":"https:\/\/secure.gravatar.com\/avatar\/05bc1ab428a59ab38499bad65da12dff25b865b7d2b54dd8e479ae68a584c229?s=96&d=mm&r=g","caption":"sandradurschang"},"url":"https:\/\/twin.cargoline.de\/john-spedition\/author\/sandra-durschang\/"}]}},"_links":{"self":[{"href":"https:\/\/twin.cargoline.de\/john-spedition\/wp-json\/wp\/v2\/posts\/51826","targetHints":{"allow":["GET"]}}],"collection":[{"href":"https:\/\/twin.cargoline.de\/john-spedition\/wp-json\/wp\/v2\/posts"}],"about":[{"href":"https:\/\/twin.cargoline.de\/john-spedition\/wp-json\/wp\/v2\/types\/post"}],"author":[{"embeddable":true,"href":"https:\/\/twin.cargoline.de\/john-spedition\/wp-json\/wp\/v2\/users\/3"}],"replies":[{"embeddable":true,"href":"https:\/\/twin.cargoline.de\/john-spedition\/wp-json\/wp\/v2\/comments?post=51826"}],"version-history":[{"count":0,"href":"https:\/\/twin.cargoline.de\/john-spedition\/wp-json\/wp\/v2\/posts\/51826\/revisions"}],"wp:featuredmedia":[{"embeddable":true,"href":"https:\/\/twin.cargoline.de\/john-spedition\/wp-json\/wp\/v2\/media\/51827"}],"wp:attachment":[{"href":"https:\/\/twin.cargoline.de\/john-spedition\/wp-json\/wp\/v2\/media?parent=51826"}],"wp:term":[{"taxonomy":"category","embeddable":true,"href":"https:\/\/twin.cargoline.de\/john-spedition\/wp-json\/wp\/v2\/categories?post=51826"},{"taxonomy":"post_tag","embeddable":true,"href":"https:\/\/twin.cargoline.de\/john-spedition\/wp-json\/wp\/v2\/tags?post=51826"}],"curies":[{"name":"wp","href":"https:\/\/api.w.org\/{rel}","templated":true}]}}