{"id":51824,"date":"2024-04-22T11:04:57","date_gmt":"2024-04-22T09:04:57","guid":{"rendered":"https:\/\/twin.cargoline.de\/john-spedition\/cargoline-zeichnet-ihre-internationalen-partner-des-jahres-2023-aus\/"},"modified":"2024-04-22T11:04:57","modified_gmt":"2024-04-22T09:04:57","slug":"cargoline-zeichnet-ihre-internationalen-partner-des-jahres-2023-aus","status":"publish","type":"post","link":"https:\/\/twin.cargoline.de\/john-spedition\/cargoline-zeichnet-ihre-internationalen-partner-des-jahres-2023-aus\/","title":{"rendered":"CargoLine zeichnet ihre internationalen Partner des Jahres 2023 aus"},"content":{"rendered":"\n<p>Ob sich die niederl\u00e4ndische Nationalmannschaft bei der diesj\u00e4hrigen Fu\u00dfball-EM an Van Duuren ein Beispiel nehmen wird? Immerhin konnte der Transport- und Logistikdienstleister aus Vianen bei Utrecht die Europameisterschaft der CargoLiner f\u00fcr sich entscheiden und den Pokal &#8222;Internationaler Partner des Jahres&#8220; f\u00fcr 2023 mit nach Hause nehmen!<\/p>\n\n\n\n<p>Auf Rang zwei folgt Lebert mit Sitz im Schweizer Kreuzlingen, Platz drei teilen sich Rohlig-Suus aus dem polnischen Tarnowo Podg\u00f3rne und Rhenus aus Pratteln (Schweiz). Der Pokal f\u00fcr die beste Qualit\u00e4t im paneurop\u00e4ischen Netzwerk ging an Freja aus dem finnischen Turku.<\/p>\n\n\n\n<p>Basis f\u00fcr die Auszeichnung waren wie immer operative, vertriebliche und qualitative Kennzahlen, die \u00fcber das vergangene Kalenderjahr hinweg ausgewertet wurden. Die Ehrung der Sieger erfolgte im Rahmen der Fr\u00fchjahrssitzung der internationalen CargoLiner, die auf Einladung des portugiesischen Verbundpartners Torrestir am 16. April 2024 in Lissabon stattfand.<\/p>\n\n\n\n<h4 class=\"wp-block-heading\">Qualit\u00e4tsversprechen eingel\u00f6st<\/h4>\n\n\n\n<p>&#8222;Wir freuen uns ungemein f\u00fcr Van Duuren \u00fcber diesen ersten Platz! Die erst drei Jahre alte Zusammenarbeit war von Anfang an von einem einheitlichen Qualit\u00e4tsanspruch und Gespr\u00e4chen auf Augenh\u00f6he gepr\u00e4gt. Innerhalb k\u00fcrzester Zeit hat sich das Unternehmen sehr engagiert in unseren Verbund eingebracht und seine Leistung durch einen kontinuierlichen Ver\u00e4nderungsprozess konsequent gesteigert. Dieser erste Platz \u2013 nach einem bereits hervorragenden dritten im Jahr 2022 und einem siebten direkt im ersten Jahr der Zusammenarbeit \u2013 ist daher mehr als verdient&#8220;, erkl\u00e4rt Bernd H\u00f6ppner, Gesch\u00e4ftsf\u00fchrer International der CargoLine.<\/p>\n\n\n\n<p>Nur mit einem einzigen Punkt weniger als Van Duuren belegt der Vorjahressieger Lebert den zweiten Platz. Wie immer hat der Schweizer Partner \u00fcber alle qualitativen und quantitativen Bewertungskategorien hinweg die gewohnt hohe Leistung gebracht, musste sich Van Duuren jedoch mengenm\u00e4\u00dfig in den Vertriebsbereichen &#8222;gebuchte Premiumprodukte in Europa&#8220; und &#8222;innerhalb Deutschlands&#8220; knapp geschlagen geben.<\/p>\n\n\n\n<h4 class=\"wp-block-heading\">Gelebter Kooperationsgedanke<\/h4>\n\n\n\n<p>Erstmals auf dem Siegertreppchen steht Rohlig-Suus. &#8222;Das Unternehmen hat insbesondere durch Export- und Importmengen gepunktet. Letztere sind Ausdruck der gro\u00dffl\u00e4chigen Vernetzung von Rohlig-Suus mit den CargoLinern in ganz Europa, worauf wir gro\u00dfen Wert legen&#8220;, freut sich Bernd H\u00f6ppner. \u00c4hnliches gilt f\u00fcr den Schweizer Partner Rhenus, der insbesondere aufgrund seiner paneurop\u00e4ischen Vernetzung und den entsprechenden Sendungsmengen immer wieder den Sprung aufs Treppchen schafft.<\/p>\n\n\n\n<h4 class=\"wp-block-heading\">Qualit\u00e4tsf\u00fchrerschaft<\/h4>\n\n\n\n<p>Dar\u00fcber hinaus verlieh die St\u00fcckgutkooperation ihren &#8222;Quality Award&#8220; an den langj\u00e4hrigen finnischen Partner Freja. Mit dieser Auszeichnung dr\u00fcckt sie ihre besondere Wertsch\u00e4tzung gegen\u00fcber denjenigen CargoLinern aus, die kontinuierlich ein \u00fcberdurchschnittlich hohes Qualit\u00e4tsniveau in der t\u00e4glichen Arbeit erzielen und so die Leistungsversprechen in ganz besonderem Ma\u00dfe umsetzen, die der Verbund seinen Partnern und Kunden gibt. F\u00fcr Freja ist es die erste Ehrung dieser Art im Netzwerk.<\/p>\n\n\n\n<h4 class=\"wp-block-heading\">Vielf\u00e4ltige Kriterien<\/h4>\n\n\n\n<p>Der Auszeichnung &#8222;Internationaler CargoLine-Partner des Jahres&#8220; liegen unter anderem folgende Bewertungskriterien zugrunde: Vollst\u00e4ndigkeit der Schnittstellenscannung zur Packst\u00fcckverfolgung im Zustellprozess, Entwicklung der Sendungsmengen, Vermarktung der Premiumprodukte, Zustellversprechen im Sendungseingang, Engagement der Mitarbeiter in Arbeitskreisen und Entscheidungsgremien der Kooperation sowie Vernet-zungsgrad mit den Verbundpartnern. Der &#8222;Quality Award&#8220; ber\u00fccksichtigt indes ausschlie\u00dflich Qualit\u00e4tsparameter aus der Gesamtauswertung.<\/p>\n\n\n\n<div style=\"height:25px\" aria-hidden=\"true\" class=\"wp-block-spacer\"><\/div>\n\n\n\n<div class=\"wp-block-media-text is-stacked-on-mobile has-ast-global-color-4-background-color has-background\"><figure class=\"wp-block-media-text__media\"><img decoding=\"async\" src=\"https:\/\/twin.cargoline.de\/wp-content\/uploads\/2024\/04\/CL_Partner_des_Jahres_2023-1024x739.jpg\" alt=\"\" class=\"wp-image-32375 size-full\" \/><\/figure><div class=\"wp-block-media-text__content\">\n<p><em>Die internationalen CargoLine-Partner des Jahres 2023 Markus Weber, Niederlassungsleiter beim zweiten Sieger Lebert (Schweiz), Jeroen van Duuren, Inhaber und Gesch\u00e4ftsf\u00fchrer des niederl\u00e4ndischen Spitzenreiters, und die Vertreter der beiden drittplatzierten Unternehmen, Piotr Szalkiewicz, Direktor Internationale St\u00fcckgutverkehre bei Rohlig-Suus (Polen), und Thomas Werthm\u00fcller, Leitung Road Freight Operations bei Rhenus (Schweiz)<\/em><\/p>\n<\/div><\/div>\n\n\n\n<div style=\"height:25px\" aria-hidden=\"true\" class=\"wp-block-spacer\"><\/div>\n\n\n\n<div class=\"wp-block-media-text has-media-on-the-right is-stacked-on-mobile has-ast-global-color-4-background-color has-background\" style=\"grid-template-columns:auto 27%\"><div class=\"wp-block-media-text__content\">\n<p><em>Ausgezeichnet f\u00fcr hervorragende Qualit\u00e4t: Matti Urmas, Gesch\u00e4ftsf\u00fchrer des finnischen CargoLine-Partners Freja<\/em><\/p>\n<\/div><figure class=\"wp-block-media-text__media\"><img decoding=\"async\" src=\"https:\/\/twin.cargoline.de\/wp-content\/uploads\/2024\/04\/CL_Qualitaetssieger_2023_Matti_Urmas_Freja-739x1024.jpg\" alt=\"\" class=\"wp-image-32376 size-full\" \/><\/figure><\/div>\n\n\n\n<div style=\"height:25px\" aria-hidden=\"true\" class=\"wp-block-spacer\"><\/div>\n\n\n\n<p>Frankfurt am Main, 22. April 2024. Fotos: CargoLine<\/p>\n","protected":false},"excerpt":{"rendered":"<p>Ob sich die niederl\u00e4ndische Nationalmannschaft bei der diesj\u00e4hrigen Fu\u00dfball-EM an Van Duuren ein Beispiel nehmen wird? Immerhin konnte der Transport- und Logistikdienstleister aus Vianen bei Utrecht die Europameisterschaft der CargoLiner [&hellip;]<\/p>\n","protected":false},"author":3,"featured_media":51825,"comment_status":"closed","ping_status":"closed","sticky":false,"template":"","format":"standard","meta":{"site-sidebar-layout":"default","site-content-layout":"","ast-site-content-layout":"default","site-content-style":"default","site-sidebar-style":"default","ast-global-header-display":"","ast-banner-title-visibility":"","ast-main-header-display":"","ast-hfb-above-header-display":"","ast-hfb-below-header-display":"","ast-hfb-mobile-header-display":"","site-post-title":"","ast-breadcrumbs-content":"","ast-featured-img":"","footer-sml-layout":"","ast-disable-related-posts":"","theme-transparent-header-meta":"","adv-header-id-meta":"","stick-header-meta":"","header-above-stick-meta":"","header-main-stick-meta":"","header-below-stick-meta":"","astra-migrate-meta-layouts":"default","ast-page-background-enabled":"default","ast-page-background-meta":{"desktop":{"background-color":"var(--ast-global-color-4)","background-image":"","background-repeat":"repeat","background-position":"center center","background-size":"auto","background-attachment":"scroll","background-type":"","background-media":"","overlay-type":"","overlay-color":"","overlay-opacity":"","overlay-gradient":""},"tablet":{"background-color":"","background-image":"","background-repeat":"repeat","background-position":"center center","background-size":"auto","background-attachment":"scroll","background-type":"","background-media":"","overlay-type":"","overlay-color":"","overlay-opacity":"","overlay-gradient":""},"mobile":{"background-color":"","background-image":"","background-repeat":"repeat","background-position":"center center","background-size":"auto","background-attachment":"scroll","background-type":"","background-media":"","overlay-type":"","overlay-color":"","overlay-opacity":"","overlay-gradient":""}},"ast-content-background-meta":{"desktop":{"background-color":"var(--ast-global-color-5)","background-image":"","background-repeat":"repeat","background-position":"center center","background-size":"auto","background-attachment":"scroll","background-type":"","background-media":"","overlay-type":"","overlay-color":"","overlay-opacity":"","overlay-gradient":""},"tablet":{"background-color":"var(--ast-global-color-5)","background-image":"","background-repeat":"repeat","background-position":"center center","background-size":"auto","background-attachment":"scroll","background-type":"","background-media":"","overlay-type":"","overlay-color":"","overlay-opacity":"","overlay-gradient":""},"mobile":{"background-color":"var(--ast-global-color-5)","background-image":"","background-repeat":"repeat","background-position":"center center","background-size":"auto","background-attachment":"scroll","background-type":"","background-media":"","overlay-type":"","overlay-color":"","overlay-opacity":"","overlay-gradient":""}},"footnotes":""},"categories":[1],"tags":[],"class_list":["post-51824","post","type-post","status-publish","format-standard","has-post-thumbnail","hentry","category-allgemein"],"yoast_head":"<!-- This site is optimized with the Yoast SEO plugin v27.5 - https:\/\/yoast.com\/product\/yoast-seo-wordpress\/ -->\n<title>CargoLine zeichnet ihre internationalen Partner des Jahres 2023 aus - John Spedition GmbH - Ihr Partner<\/title>\n<meta name=\"robots\" content=\"noindex, follow, max-snippet:-1, max-image-preview:large, max-video-preview:-1\" \/>\n<meta property=\"og:locale\" content=\"de_DE\" \/>\n<meta property=\"og:type\" content=\"article\" \/>\n<meta property=\"og:title\" content=\"CargoLine zeichnet ihre internationalen Partner des Jahres 2023 aus - John Spedition GmbH - Ihr Partner\" \/>\n<meta property=\"og:description\" content=\"Ob sich die niederl\u00e4ndische Nationalmannschaft bei der diesj\u00e4hrigen Fu\u00dfball-EM an Van Duuren ein Beispiel nehmen wird? Immerhin konnte der Transport- und Logistikdienstleister aus Vianen bei Utrecht die Europameisterschaft der CargoLiner [&hellip;]\" \/>\n<meta property=\"og:url\" content=\"https:\/\/twin.cargoline.de\/john-spedition\/cargoline-zeichnet-ihre-internationalen-partner-des-jahres-2023-aus\/\" \/>\n<meta property=\"og:site_name\" content=\"John Spedition GmbH - Ihr Partner\" \/>\n<meta property=\"article:published_time\" content=\"2024-04-22T09:04:57+00:00\" \/>\n<meta name=\"author\" content=\"sandradurschang\" \/>\n<meta name=\"twitter:card\" content=\"summary_large_image\" \/>\n<meta name=\"twitter:label1\" content=\"Verfasst von\" \/>\n\t<meta name=\"twitter:data1\" content=\"sandradurschang\" \/>\n\t<meta name=\"twitter:label2\" content=\"Gesch\u00e4tzte Lesezeit\" \/>\n\t<meta name=\"twitter:data2\" content=\"3\u00a0Minuten\" \/>\n<script type=\"application\/ld+json\" class=\"yoast-schema-graph\">{\"@context\":\"https:\\\/\\\/schema.org\",\"@graph\":[{\"@type\":\"Article\",\"@id\":\"https:\\\/\\\/twin.cargoline.de\\\/john-spedition\\\/cargoline-zeichnet-ihre-internationalen-partner-des-jahres-2023-aus\\\/#article\",\"isPartOf\":{\"@id\":\"https:\\\/\\\/twin.cargoline.de\\\/john-spedition\\\/cargoline-zeichnet-ihre-internationalen-partner-des-jahres-2023-aus\\\/\"},\"author\":{\"name\":\"sandradurschang\",\"@id\":\"https:\\\/\\\/twin.cargoline.de\\\/john-spedition\\\/#\\\/schema\\\/person\\\/c5d24e830a4a748962f1345116014cbc\"},\"headline\":\"CargoLine zeichnet ihre internationalen Partner des Jahres 2023 aus\",\"datePublished\":\"2024-04-22T09:04:57+00:00\",\"mainEntityOfPage\":{\"@id\":\"https:\\\/\\\/twin.cargoline.de\\\/john-spedition\\\/cargoline-zeichnet-ihre-internationalen-partner-des-jahres-2023-aus\\\/\"},\"wordCount\":582,\"publisher\":{\"@id\":\"https:\\\/\\\/twin.cargoline.de\\\/john-spedition\\\/#organization\"},\"image\":{\"@id\":\"https:\\\/\\\/twin.cargoline.de\\\/john-spedition\\\/cargoline-zeichnet-ihre-internationalen-partner-des-jahres-2023-aus\\\/#primaryimage\"},\"thumbnailUrl\":\"https:\\\/\\\/twin.cargoline.de\\\/john-spedition\\\/wp-content\\\/uploads\\\/sites\\\/67\\\/2026\\\/04\\\/CL_Partner_des_Jahres_2023.jpg\",\"inLanguage\":\"de\"},{\"@type\":\"WebPage\",\"@id\":\"https:\\\/\\\/twin.cargoline.de\\\/john-spedition\\\/cargoline-zeichnet-ihre-internationalen-partner-des-jahres-2023-aus\\\/\",\"url\":\"https:\\\/\\\/twin.cargoline.de\\\/john-spedition\\\/cargoline-zeichnet-ihre-internationalen-partner-des-jahres-2023-aus\\\/\",\"name\":\"CargoLine zeichnet ihre internationalen Partner des Jahres 2023 aus - John Spedition GmbH - Ihr Partner\",\"isPartOf\":{\"@id\":\"https:\\\/\\\/twin.cargoline.de\\\/john-spedition\\\/#website\"},\"primaryImageOfPage\":{\"@id\":\"https:\\\/\\\/twin.cargoline.de\\\/john-spedition\\\/cargoline-zeichnet-ihre-internationalen-partner-des-jahres-2023-aus\\\/#primaryimage\"},\"image\":{\"@id\":\"https:\\\/\\\/twin.cargoline.de\\\/john-spedition\\\/cargoline-zeichnet-ihre-internationalen-partner-des-jahres-2023-aus\\\/#primaryimage\"},\"thumbnailUrl\":\"https:\\\/\\\/twin.cargoline.de\\\/john-spedition\\\/wp-content\\\/uploads\\\/sites\\\/67\\\/2026\\\/04\\\/CL_Partner_des_Jahres_2023.jpg\",\"datePublished\":\"2024-04-22T09:04:57+00:00\",\"breadcrumb\":{\"@id\":\"https:\\\/\\\/twin.cargoline.de\\\/john-spedition\\\/cargoline-zeichnet-ihre-internationalen-partner-des-jahres-2023-aus\\\/#breadcrumb\"},\"inLanguage\":\"de\",\"potentialAction\":[{\"@type\":\"ReadAction\",\"target\":[\"https:\\\/\\\/twin.cargoline.de\\\/john-spedition\\\/cargoline-zeichnet-ihre-internationalen-partner-des-jahres-2023-aus\\\/\"]}]},{\"@type\":\"ImageObject\",\"inLanguage\":\"de\",\"@id\":\"https:\\\/\\\/twin.cargoline.de\\\/john-spedition\\\/cargoline-zeichnet-ihre-internationalen-partner-des-jahres-2023-aus\\\/#primaryimage\",\"url\":\"https:\\\/\\\/twin.cargoline.de\\\/john-spedition\\\/wp-content\\\/uploads\\\/sites\\\/67\\\/2026\\\/04\\\/CL_Partner_des_Jahres_2023.jpg\",\"contentUrl\":\"https:\\\/\\\/twin.cargoline.de\\\/john-spedition\\\/wp-content\\\/uploads\\\/sites\\\/67\\\/2026\\\/04\\\/CL_Partner_des_Jahres_2023.jpg\"},{\"@type\":\"BreadcrumbList\",\"@id\":\"https:\\\/\\\/twin.cargoline.de\\\/john-spedition\\\/cargoline-zeichnet-ihre-internationalen-partner-des-jahres-2023-aus\\\/#breadcrumb\",\"itemListElement\":[{\"@type\":\"ListItem\",\"position\":1,\"name\":\"Startseite\",\"item\":\"https:\\\/\\\/twin.cargoline.de\\\/john-spedition\\\/\"},{\"@type\":\"ListItem\",\"position\":2,\"name\":\"CargoLine zeichnet ihre internationalen Partner des Jahres 2023 aus\"}]},{\"@type\":\"WebSite\",\"@id\":\"https:\\\/\\\/twin.cargoline.de\\\/john-spedition\\\/#website\",\"url\":\"https:\\\/\\\/twin.cargoline.de\\\/john-spedition\\\/\",\"name\":\"John Spedition GmbH - Ihr Partner\",\"description\":\"code-x - Internet &amp; Marketing\",\"publisher\":{\"@id\":\"https:\\\/\\\/twin.cargoline.de\\\/john-spedition\\\/#organization\"},\"potentialAction\":[{\"@type\":\"SearchAction\",\"target\":{\"@type\":\"EntryPoint\",\"urlTemplate\":\"https:\\\/\\\/twin.cargoline.de\\\/john-spedition\\\/?s={search_term_string}\"},\"query-input\":{\"@type\":\"PropertyValueSpecification\",\"valueRequired\":true,\"valueName\":\"search_term_string\"}}],\"inLanguage\":\"de\"},{\"@type\":\"Organization\",\"@id\":\"https:\\\/\\\/twin.cargoline.de\\\/john-spedition\\\/#organization\",\"name\":\"John Spedition GmbH - Ihr Partner\",\"url\":\"https:\\\/\\\/twin.cargoline.de\\\/john-spedition\\\/\",\"logo\":{\"@type\":\"ImageObject\",\"inLanguage\":\"de\",\"@id\":\"https:\\\/\\\/twin.cargoline.de\\\/john-spedition\\\/#\\\/schema\\\/logo\\\/image\\\/\",\"url\":\"https:\\\/\\\/twin.cargoline.de\\\/john-spedition\\\/wp-content\\\/uploads\\\/sites\\\/67\\\/2025\\\/11\\\/Logo_John_Zusatz.webp\",\"contentUrl\":\"https:\\\/\\\/twin.cargoline.de\\\/john-spedition\\\/wp-content\\\/uploads\\\/sites\\\/67\\\/2025\\\/11\\\/Logo_John_Zusatz.webp\",\"width\":1181,\"height\":709,\"caption\":\"John Spedition GmbH - Ihr Partner\"},\"image\":{\"@id\":\"https:\\\/\\\/twin.cargoline.de\\\/john-spedition\\\/#\\\/schema\\\/logo\\\/image\\\/\"}},{\"@type\":\"Person\",\"@id\":\"https:\\\/\\\/twin.cargoline.de\\\/john-spedition\\\/#\\\/schema\\\/person\\\/c5d24e830a4a748962f1345116014cbc\",\"name\":\"sandradurschang\",\"image\":{\"@type\":\"ImageObject\",\"inLanguage\":\"de\",\"@id\":\"https:\\\/\\\/secure.gravatar.com\\\/avatar\\\/05bc1ab428a59ab38499bad65da12dff25b865b7d2b54dd8e479ae68a584c229?s=96&d=mm&r=g\",\"url\":\"https:\\\/\\\/secure.gravatar.com\\\/avatar\\\/05bc1ab428a59ab38499bad65da12dff25b865b7d2b54dd8e479ae68a584c229?s=96&d=mm&r=g\",\"contentUrl\":\"https:\\\/\\\/secure.gravatar.com\\\/avatar\\\/05bc1ab428a59ab38499bad65da12dff25b865b7d2b54dd8e479ae68a584c229?s=96&d=mm&r=g\",\"caption\":\"sandradurschang\"},\"url\":\"https:\\\/\\\/twin.cargoline.de\\\/john-spedition\\\/author\\\/sandra-durschang\\\/\"}]}<\/script>\n<!-- \/ Yoast SEO plugin. -->","yoast_head_json":{"title":"CargoLine zeichnet ihre internationalen Partner des Jahres 2023 aus - John Spedition GmbH - Ihr Partner","robots":{"index":"noindex","follow":"follow","max-snippet":"max-snippet:-1","max-image-preview":"max-image-preview:large","max-video-preview":"max-video-preview:-1"},"og_locale":"de_DE","og_type":"article","og_title":"CargoLine zeichnet ihre internationalen Partner des Jahres 2023 aus - John Spedition GmbH - Ihr Partner","og_description":"Ob sich die niederl\u00e4ndische Nationalmannschaft bei der diesj\u00e4hrigen Fu\u00dfball-EM an Van Duuren ein Beispiel nehmen wird? Immerhin konnte der Transport- und Logistikdienstleister aus Vianen bei Utrecht die Europameisterschaft der CargoLiner [&hellip;]","og_url":"https:\/\/twin.cargoline.de\/john-spedition\/cargoline-zeichnet-ihre-internationalen-partner-des-jahres-2023-aus\/","og_site_name":"John Spedition GmbH - Ihr Partner","article_published_time":"2024-04-22T09:04:57+00:00","author":"sandradurschang","twitter_card":"summary_large_image","twitter_misc":{"Verfasst von":"sandradurschang","Gesch\u00e4tzte Lesezeit":"3\u00a0Minuten"},"schema":{"@context":"https:\/\/schema.org","@graph":[{"@type":"Article","@id":"https:\/\/twin.cargoline.de\/john-spedition\/cargoline-zeichnet-ihre-internationalen-partner-des-jahres-2023-aus\/#article","isPartOf":{"@id":"https:\/\/twin.cargoline.de\/john-spedition\/cargoline-zeichnet-ihre-internationalen-partner-des-jahres-2023-aus\/"},"author":{"name":"sandradurschang","@id":"https:\/\/twin.cargoline.de\/john-spedition\/#\/schema\/person\/c5d24e830a4a748962f1345116014cbc"},"headline":"CargoLine zeichnet ihre internationalen Partner des Jahres 2023 aus","datePublished":"2024-04-22T09:04:57+00:00","mainEntityOfPage":{"@id":"https:\/\/twin.cargoline.de\/john-spedition\/cargoline-zeichnet-ihre-internationalen-partner-des-jahres-2023-aus\/"},"wordCount":582,"publisher":{"@id":"https:\/\/twin.cargoline.de\/john-spedition\/#organization"},"image":{"@id":"https:\/\/twin.cargoline.de\/john-spedition\/cargoline-zeichnet-ihre-internationalen-partner-des-jahres-2023-aus\/#primaryimage"},"thumbnailUrl":"https:\/\/twin.cargoline.de\/john-spedition\/wp-content\/uploads\/sites\/67\/2026\/04\/CL_Partner_des_Jahres_2023.jpg","inLanguage":"de"},{"@type":"WebPage","@id":"https:\/\/twin.cargoline.de\/john-spedition\/cargoline-zeichnet-ihre-internationalen-partner-des-jahres-2023-aus\/","url":"https:\/\/twin.cargoline.de\/john-spedition\/cargoline-zeichnet-ihre-internationalen-partner-des-jahres-2023-aus\/","name":"CargoLine zeichnet ihre internationalen Partner des Jahres 2023 aus - John Spedition GmbH - Ihr Partner","isPartOf":{"@id":"https:\/\/twin.cargoline.de\/john-spedition\/#website"},"primaryImageOfPage":{"@id":"https:\/\/twin.cargoline.de\/john-spedition\/cargoline-zeichnet-ihre-internationalen-partner-des-jahres-2023-aus\/#primaryimage"},"image":{"@id":"https:\/\/twin.cargoline.de\/john-spedition\/cargoline-zeichnet-ihre-internationalen-partner-des-jahres-2023-aus\/#primaryimage"},"thumbnailUrl":"https:\/\/twin.cargoline.de\/john-spedition\/wp-content\/uploads\/sites\/67\/2026\/04\/CL_Partner_des_Jahres_2023.jpg","datePublished":"2024-04-22T09:04:57+00:00","breadcrumb":{"@id":"https:\/\/twin.cargoline.de\/john-spedition\/cargoline-zeichnet-ihre-internationalen-partner-des-jahres-2023-aus\/#breadcrumb"},"inLanguage":"de","potentialAction":[{"@type":"ReadAction","target":["https:\/\/twin.cargoline.de\/john-spedition\/cargoline-zeichnet-ihre-internationalen-partner-des-jahres-2023-aus\/"]}]},{"@type":"ImageObject","inLanguage":"de","@id":"https:\/\/twin.cargoline.de\/john-spedition\/cargoline-zeichnet-ihre-internationalen-partner-des-jahres-2023-aus\/#primaryimage","url":"https:\/\/twin.cargoline.de\/john-spedition\/wp-content\/uploads\/sites\/67\/2026\/04\/CL_Partner_des_Jahres_2023.jpg","contentUrl":"https:\/\/twin.cargoline.de\/john-spedition\/wp-content\/uploads\/sites\/67\/2026\/04\/CL_Partner_des_Jahres_2023.jpg"},{"@type":"BreadcrumbList","@id":"https:\/\/twin.cargoline.de\/john-spedition\/cargoline-zeichnet-ihre-internationalen-partner-des-jahres-2023-aus\/#breadcrumb","itemListElement":[{"@type":"ListItem","position":1,"name":"Startseite","item":"https:\/\/twin.cargoline.de\/john-spedition\/"},{"@type":"ListItem","position":2,"name":"CargoLine zeichnet ihre internationalen Partner des Jahres 2023 aus"}]},{"@type":"WebSite","@id":"https:\/\/twin.cargoline.de\/john-spedition\/#website","url":"https:\/\/twin.cargoline.de\/john-spedition\/","name":"John Spedition GmbH - Ihr Partner","description":"code-x - Internet &amp; Marketing","publisher":{"@id":"https:\/\/twin.cargoline.de\/john-spedition\/#organization"},"potentialAction":[{"@type":"SearchAction","target":{"@type":"EntryPoint","urlTemplate":"https:\/\/twin.cargoline.de\/john-spedition\/?s={search_term_string}"},"query-input":{"@type":"PropertyValueSpecification","valueRequired":true,"valueName":"search_term_string"}}],"inLanguage":"de"},{"@type":"Organization","@id":"https:\/\/twin.cargoline.de\/john-spedition\/#organization","name":"John Spedition GmbH - Ihr Partner","url":"https:\/\/twin.cargoline.de\/john-spedition\/","logo":{"@type":"ImageObject","inLanguage":"de","@id":"https:\/\/twin.cargoline.de\/john-spedition\/#\/schema\/logo\/image\/","url":"https:\/\/twin.cargoline.de\/john-spedition\/wp-content\/uploads\/sites\/67\/2025\/11\/Logo_John_Zusatz.webp","contentUrl":"https:\/\/twin.cargoline.de\/john-spedition\/wp-content\/uploads\/sites\/67\/2025\/11\/Logo_John_Zusatz.webp","width":1181,"height":709,"caption":"John Spedition GmbH - Ihr Partner"},"image":{"@id":"https:\/\/twin.cargoline.de\/john-spedition\/#\/schema\/logo\/image\/"}},{"@type":"Person","@id":"https:\/\/twin.cargoline.de\/john-spedition\/#\/schema\/person\/c5d24e830a4a748962f1345116014cbc","name":"sandradurschang","image":{"@type":"ImageObject","inLanguage":"de","@id":"https:\/\/secure.gravatar.com\/avatar\/05bc1ab428a59ab38499bad65da12dff25b865b7d2b54dd8e479ae68a584c229?s=96&d=mm&r=g","url":"https:\/\/secure.gravatar.com\/avatar\/05bc1ab428a59ab38499bad65da12dff25b865b7d2b54dd8e479ae68a584c229?s=96&d=mm&r=g","contentUrl":"https:\/\/secure.gravatar.com\/avatar\/05bc1ab428a59ab38499bad65da12dff25b865b7d2b54dd8e479ae68a584c229?s=96&d=mm&r=g","caption":"sandradurschang"},"url":"https:\/\/twin.cargoline.de\/john-spedition\/author\/sandra-durschang\/"}]}},"_links":{"self":[{"href":"https:\/\/twin.cargoline.de\/john-spedition\/wp-json\/wp\/v2\/posts\/51824","targetHints":{"allow":["GET"]}}],"collection":[{"href":"https:\/\/twin.cargoline.de\/john-spedition\/wp-json\/wp\/v2\/posts"}],"about":[{"href":"https:\/\/twin.cargoline.de\/john-spedition\/wp-json\/wp\/v2\/types\/post"}],"author":[{"embeddable":true,"href":"https:\/\/twin.cargoline.de\/john-spedition\/wp-json\/wp\/v2\/users\/3"}],"replies":[{"embeddable":true,"href":"https:\/\/twin.cargoline.de\/john-spedition\/wp-json\/wp\/v2\/comments?post=51824"}],"version-history":[{"count":0,"href":"https:\/\/twin.cargoline.de\/john-spedition\/wp-json\/wp\/v2\/posts\/51824\/revisions"}],"wp:featuredmedia":[{"embeddable":true,"href":"https:\/\/twin.cargoline.de\/john-spedition\/wp-json\/wp\/v2\/media\/51825"}],"wp:attachment":[{"href":"https:\/\/twin.cargoline.de\/john-spedition\/wp-json\/wp\/v2\/media?parent=51824"}],"wp:term":[{"taxonomy":"category","embeddable":true,"href":"https:\/\/twin.cargoline.de\/john-spedition\/wp-json\/wp\/v2\/categories?post=51824"},{"taxonomy":"post_tag","embeddable":true,"href":"https:\/\/twin.cargoline.de\/john-spedition\/wp-json\/wp\/v2\/tags?post=51824"}],"curies":[{"name":"wp","href":"https:\/\/api.w.org\/{rel}","templated":true}]}}