{"id":51817,"date":"2023-04-26T06:37:00","date_gmt":"2023-04-26T04:37:00","guid":{"rendered":"https:\/\/twin.cargoline.de\/john-spedition\/anlass-zur-freude-cargoline-wird-30\/"},"modified":"2023-04-26T06:37:00","modified_gmt":"2023-04-26T04:37:00","slug":"anlass-zur-freude-cargoline-wird-30","status":"publish","type":"post","link":"https:\/\/twin.cargoline.de\/john-spedition\/anlass-zur-freude-cargoline-wird-30\/","title":{"rendered":"Anlass zur Freude: CargoLine wird 30"},"content":{"rendered":"\n<p>Frankfurt am Main, 26. April 2023 &#8211; &#8222;Es ist wie im echten Leben: Mit 30 agiert man gelassener, ist aber keineswegs eingefahren. Vielmehr wei\u00df man seine Energien gezielt einzusetzen \u2013 beispielsweise f\u00fcr verst\u00e4rkte Netzwerkarbeit, zukunftsweisende digitale Gesch\u00e4ftsmodelle, weiteres Wachstum und nachhaltiges Handeln&#8220;, sagt J\u00f6rn Peter Struck. Der langj\u00e4hrige Vorsitzende der CargoLine-Gesch\u00e4ftsf\u00fchrung blickt mit Zuversicht nach vorn. Und mit Stolz zur\u00fcck. Schlie\u00dflich ist ein Jubil\u00e4um, wie CargoLine es am heutigen Tag feiert, immer auch Anlass, Zwischenbilanz zu ziehen. Und die kann sich sehen lassen!<\/p>\n\n\n\n<h3 class=\"wp-block-heading\">Best\u00e4ndig unter den Top 3<\/h3>\n\n\n\n<p>Seit ihrer Gr\u00fcndung am 26. April 1993 entwickelte sich CargoLine zu einer der Top-3-St\u00fcckgutkooperationen Deutschlands. Zugleich ist sie unter ihnen der Verbund mit dem gr\u00f6\u00dften Anteil unabh\u00e4ngiger mittelst\u00e4ndischer Speditionsunternehmen. Ein fl\u00e4chendeckendes europ\u00e4isches Netz mit Partnern in 42 L\u00e4ndern und Kooperationen wie die j\u00fcngst vereinbarte Zusammenarbeit mit Leman in China, die sich auf Beschaffungslogistik per Seefracht fokussiert, tragen zur konstant positiven Entwicklung des Verbunds bei. Weitere Gr\u00fcnde f\u00fcr den Erfolgskurs sind Mut und strategische Weitsicht, die sich unter anderem in der Gr\u00fcndung von Start-ups zeigen.<\/p>\n\n\n\n<h3 class=\"wp-block-heading\">Vorreiter in vielen Bereichen<\/h3>\n\n\n\n<p>&#8222;Mit unserer eigenen Start-up-Schmiede Cargo Digital World und mittlerweile vier digitalen Gesch\u00e4ftsmodellen wie die Onlinespedition Cargoboard, die unsere Kernkompetenzen sinnvoll erg\u00e4nzen, gestalten wir die Zukunft der Logistikbranche aktiv mit&#8220;, konstatiert J\u00f6rn Peter Struck. Die intensive Besch\u00e4ftigung mit Digitalisierung zum Zweck der Prozessvereinfachung und der Erh\u00f6hung des Kundennutzens war jedoch schon immer ein Kernanliegen der Kooperation. Bereits 1997 freuten sich Verlader bei CargoLine \u00fcber eine papierlose Sendungsverfolgung \u2013 ein Novum zur damaligen Zeit. Heute findet sich das Tool eingebettet in ein umfangreiches Kunden- und Partnerportal namens Cepra, dessen Serviceangebot permanent erweitert wird.<\/p>\n\n\n\n<p>Auch sonst leistet die St\u00fcckgutkooperation gern Pionierarbeit: 1996 verf\u00fcgte sie als erste \u00fcber ein Key Account Management. &#8222;Parallel dazu entstand ein erster Hub, was bis dahin nur bei Paketdienstleistern \u00fcblich war&#8220;, erg\u00e4nzt Struck. &#8222;Mit unseren zahlreichen nachweisbaren Anstrengungen im Bereich der Nachhaltigkeit seit 2008 und der Implementierung eines Informationssicherheitssystems in Anlehnung an die Anforderungen der ISO\/IEC 27001 waren wir ebenfalls Vorreiter in der Branche.&#8220;<\/p>\n\n\n\n<p>Dar\u00fcber hinaus zeigt sich die Schaffenskraft des Verbunds in branchenweit au\u00dfergew\u00f6hnlichen Services und der engen Verzahnung der Transporte mit Angeboten in den Bereichen Kontraktlogistik und Seefracht (konkrete Meilensteine siehe www.cargoline.de\/meilensteine).<\/p>\n\n\n\n<h3 class=\"wp-block-heading\">Mit K\u00f6pfchen und Konzept<\/h3>\n\n\n\n<p>S\u00e4mtliche Innovationen sind das Ergebnis eines gelungenen Miteinanders. So verf\u00fcgt CargoLine \u00fcber eine Reihe von Arbeitskreisen, in die die Partnerbetriebe ihre Praxiserfahrungen, Verbesserungsvorschl\u00e4ge und Kundenw\u00fcnsche einflie\u00dfen lassen. &#8222;Unser Netzwerk lebt vom Austausch untereinander und den Synergien, die sich daraus ergeben. Dabei hebt uns das Prinzip der Gleichstellung von anderen Kooperationen ganz klar ab!\u201c Denn unabh\u00e4ngig von seiner Gro\u0308\u00dfe, der Anzahl seiner Standorte im Verbund oder vom Status hat jeder Partner bei Abstimmungen nur eine Stimme. Auf diese Weise wird die mittelst\u00e4ndische Pr\u00e4gung der Kooperation dauerhaft gewahrt. Und genau das kommt extern wie intern sehr gut an: Von den sieben Gr\u00fcndungsunternehmen der CargoLine sind nach wie vor sechs an Bord: Koch International (Osnabr\u00fcck), John Spedition (Eichenzell), Rhenus M\u00f6nchengladbach (ehemals Nellen &amp; Quack), Sander Logistics (ehemals Jeschke Spedition, Hamburg), Sch\u00e4flein Spedition (R\u00f6thlein) und L. Wackler Wwe. Nachf. (G\u00f6ppingen). Zahlreiche potente Partner haben sich im Laufe der Jahre dazu gesellt. Dabei handelt es sich in der Regel um inhabergef\u00fchrte Betriebe, die sich u. a. durch kurze Entscheidungswege, Flexibilit\u00e4t, ihr Bekenntnis zur Region und einen partnerschaftlichen Umgang miteinander auf Augenh\u00f6he auszeichnen.<\/p>\n\n\n\n<p>Ausdruck des besonderen Miteinanders ist ferner der am 24. Februar 2023 er\u00f6ffnete Zentral- und Europahub der CargoLine \u2013 ein gro\u00dfz\u00fcgig dimensioniertes, modernes Geb\u00e4ude in Niederaula. Genau wie die Start-ups wurde er aus eigenen finanziellen Mitteln bzw. in Eigenregie errichtet, worauf das Netzwerk sehr stolz ist. Da liegt es nahe, genau hier das Jubil\u00e4um geb\u00fchrend zu feiern, was im Juni dieses Jahres geschieht. &#8222;Eingeladen sind alle Mitarbeiterinnen und Mitarbeiter europaweit. Ohne den hervorragenden Job, den sie \u2013 auch speziell w\u00e4hrend der Pandemie \u2013 gemacht haben, w\u00e4ren wir heute nicht da, wo wir sind&#8220;, ist sich J\u00f6rn Peter Struck sicher.<\/p>\n\n\n\n<h3 class=\"wp-block-heading\">Auf stabilem Fundament den gr\u00fcnen Weg weiter gehen<\/h3>\n\n\n\n<p>Alles in allem hat CargoLine in den vergangenen drei Jahrzehnten also ein stabiles Fundament f\u00fcr die Zukunft geschaffen. Wie geht es nun weiter? &#8222;Auf jeden Fall verantwortungsbewusst! Wir legen die \u00f6kologische Messlatte noch h\u00f6her und beschreiten den hier eingeschlagenen Weg mit gesteigertem Engagement&#8220;, so der Vorsitzende. Zu den diesbez\u00fcglichen Schritten z\u00e4hlt die Gr\u00fcndung eines eigens geschaffenen Arbeitskreises im vergangenen Jahr, der eine Nachhaltigkeits-Roadmap und neue klimafreundliche Produkte entworfen hat. Letztere bringt die Kooperation in K\u00fcrze auf den Markt.<\/p>\n","protected":false},"excerpt":{"rendered":"<p>Frankfurt am Main, 26. April 2023 &#8211; &#8222;Es ist wie im echten Leben: Mit 30 agiert man gelassener, ist aber keineswegs eingefahren. Vielmehr wei\u00df man seine Energien gezielt einzusetzen \u2013 [&hellip;]<\/p>\n","protected":false},"author":3,"featured_media":51818,"comment_status":"closed","ping_status":"closed","sticky":false,"template":"","format":"standard","meta":{"site-sidebar-layout":"default","site-content-layout":"","ast-site-content-layout":"default","site-content-style":"default","site-sidebar-style":"default","ast-global-header-display":"","ast-banner-title-visibility":"","ast-main-header-display":"","ast-hfb-above-header-display":"","ast-hfb-below-header-display":"","ast-hfb-mobile-header-display":"","site-post-title":"","ast-breadcrumbs-content":"","ast-featured-img":"","footer-sml-layout":"","ast-disable-related-posts":"","theme-transparent-header-meta":"","adv-header-id-meta":"","stick-header-meta":"","header-above-stick-meta":"","header-main-stick-meta":"","header-below-stick-meta":"","astra-migrate-meta-layouts":"default","ast-page-background-enabled":"default","ast-page-background-meta":{"desktop":{"background-color":"var(--ast-global-color-4)","background-image":"","background-repeat":"repeat","background-position":"center center","background-size":"auto","background-attachment":"scroll","background-type":"","background-media":"","overlay-type":"","overlay-color":"","overlay-opacity":"","overlay-gradient":""},"tablet":{"background-color":"","background-image":"","background-repeat":"repeat","background-position":"center center","background-size":"auto","background-attachment":"scroll","background-type":"","background-media":"","overlay-type":"","overlay-color":"","overlay-opacity":"","overlay-gradient":""},"mobile":{"background-color":"","background-image":"","background-repeat":"repeat","background-position":"center center","background-size":"auto","background-attachment":"scroll","background-type":"","background-media":"","overlay-type":"","overlay-color":"","overlay-opacity":"","overlay-gradient":""}},"ast-content-background-meta":{"desktop":{"background-color":"var(--ast-global-color-5)","background-image":"","background-repeat":"repeat","background-position":"center center","background-size":"auto","background-attachment":"scroll","background-type":"","background-media":"","overlay-type":"","overlay-color":"","overlay-opacity":"","overlay-gradient":""},"tablet":{"background-color":"var(--ast-global-color-5)","background-image":"","background-repeat":"repeat","background-position":"center center","background-size":"auto","background-attachment":"scroll","background-type":"","background-media":"","overlay-type":"","overlay-color":"","overlay-opacity":"","overlay-gradient":""},"mobile":{"background-color":"var(--ast-global-color-5)","background-image":"","background-repeat":"repeat","background-position":"center center","background-size":"auto","background-attachment":"scroll","background-type":"","background-media":"","overlay-type":"","overlay-color":"","overlay-opacity":"","overlay-gradient":""}},"footnotes":""},"categories":[1,31],"tags":[],"class_list":["post-51817","post","type-post","status-publish","format-standard","has-post-thumbnail","hentry","category-allgemein","category-muss"],"yoast_head":"<!-- This site is optimized with the Yoast SEO plugin v27.5 - https:\/\/yoast.com\/product\/yoast-seo-wordpress\/ -->\n<title>Anlass zur Freude: CargoLine wird 30 - John Spedition GmbH - Ihr Partner<\/title>\n<meta name=\"robots\" content=\"noindex, follow, max-snippet:-1, max-image-preview:large, max-video-preview:-1\" \/>\n<meta property=\"og:locale\" content=\"de_DE\" \/>\n<meta property=\"og:type\" content=\"article\" \/>\n<meta property=\"og:title\" content=\"Anlass zur Freude: CargoLine wird 30 - John Spedition GmbH - Ihr Partner\" \/>\n<meta property=\"og:description\" content=\"Frankfurt am Main, 26. April 2023 &#8211; &#8222;Es ist wie im echten Leben: Mit 30 agiert man gelassener, ist aber keineswegs eingefahren. Vielmehr wei\u00df man seine Energien gezielt einzusetzen \u2013 [&hellip;]\" \/>\n<meta property=\"og:url\" content=\"https:\/\/twin.cargoline.de\/john-spedition\/anlass-zur-freude-cargoline-wird-30\/\" \/>\n<meta property=\"og:site_name\" content=\"John Spedition GmbH - Ihr Partner\" \/>\n<meta property=\"article:published_time\" content=\"2023-04-26T04:37:00+00:00\" \/>\n<meta name=\"author\" content=\"sandradurschang\" \/>\n<meta name=\"twitter:card\" content=\"summary_large_image\" \/>\n<meta name=\"twitter:label1\" content=\"Verfasst von\" \/>\n\t<meta name=\"twitter:data1\" content=\"sandradurschang\" \/>\n\t<meta name=\"twitter:label2\" content=\"Gesch\u00e4tzte Lesezeit\" \/>\n\t<meta name=\"twitter:data2\" content=\"4\u00a0Minuten\" \/>\n<script type=\"application\/ld+json\" class=\"yoast-schema-graph\">{\"@context\":\"https:\\\/\\\/schema.org\",\"@graph\":[{\"@type\":\"Article\",\"@id\":\"https:\\\/\\\/twin.cargoline.de\\\/john-spedition\\\/anlass-zur-freude-cargoline-wird-30\\\/#article\",\"isPartOf\":{\"@id\":\"https:\\\/\\\/twin.cargoline.de\\\/john-spedition\\\/anlass-zur-freude-cargoline-wird-30\\\/\"},\"author\":{\"name\":\"sandradurschang\",\"@id\":\"https:\\\/\\\/twin.cargoline.de\\\/john-spedition\\\/#\\\/schema\\\/person\\\/c5d24e830a4a748962f1345116014cbc\"},\"headline\":\"Anlass zur Freude: CargoLine wird 30\",\"datePublished\":\"2023-04-26T04:37:00+00:00\",\"mainEntityOfPage\":{\"@id\":\"https:\\\/\\\/twin.cargoline.de\\\/john-spedition\\\/anlass-zur-freude-cargoline-wird-30\\\/\"},\"wordCount\":787,\"publisher\":{\"@id\":\"https:\\\/\\\/twin.cargoline.de\\\/john-spedition\\\/#organization\"},\"image\":{\"@id\":\"https:\\\/\\\/twin.cargoline.de\\\/john-spedition\\\/anlass-zur-freude-cargoline-wird-30\\\/#primaryimage\"},\"thumbnailUrl\":\"https:\\\/\\\/twin.cargoline.de\\\/john-spedition\\\/wp-content\\\/uploads\\\/sites\\\/67\\\/2026\\\/04\\\/cl_logo_blog.jpeg\",\"articleSection\":{\"1\":\"Muss\"},\"inLanguage\":\"de\"},{\"@type\":\"WebPage\",\"@id\":\"https:\\\/\\\/twin.cargoline.de\\\/john-spedition\\\/anlass-zur-freude-cargoline-wird-30\\\/\",\"url\":\"https:\\\/\\\/twin.cargoline.de\\\/john-spedition\\\/anlass-zur-freude-cargoline-wird-30\\\/\",\"name\":\"Anlass zur Freude: CargoLine wird 30 - John Spedition GmbH - Ihr Partner\",\"isPartOf\":{\"@id\":\"https:\\\/\\\/twin.cargoline.de\\\/john-spedition\\\/#website\"},\"primaryImageOfPage\":{\"@id\":\"https:\\\/\\\/twin.cargoline.de\\\/john-spedition\\\/anlass-zur-freude-cargoline-wird-30\\\/#primaryimage\"},\"image\":{\"@id\":\"https:\\\/\\\/twin.cargoline.de\\\/john-spedition\\\/anlass-zur-freude-cargoline-wird-30\\\/#primaryimage\"},\"thumbnailUrl\":\"https:\\\/\\\/twin.cargoline.de\\\/john-spedition\\\/wp-content\\\/uploads\\\/sites\\\/67\\\/2026\\\/04\\\/cl_logo_blog.jpeg\",\"datePublished\":\"2023-04-26T04:37:00+00:00\",\"breadcrumb\":{\"@id\":\"https:\\\/\\\/twin.cargoline.de\\\/john-spedition\\\/anlass-zur-freude-cargoline-wird-30\\\/#breadcrumb\"},\"inLanguage\":\"de\",\"potentialAction\":[{\"@type\":\"ReadAction\",\"target\":[\"https:\\\/\\\/twin.cargoline.de\\\/john-spedition\\\/anlass-zur-freude-cargoline-wird-30\\\/\"]}]},{\"@type\":\"ImageObject\",\"inLanguage\":\"de\",\"@id\":\"https:\\\/\\\/twin.cargoline.de\\\/john-spedition\\\/anlass-zur-freude-cargoline-wird-30\\\/#primaryimage\",\"url\":\"https:\\\/\\\/twin.cargoline.de\\\/john-spedition\\\/wp-content\\\/uploads\\\/sites\\\/67\\\/2026\\\/04\\\/cl_logo_blog.jpeg\",\"contentUrl\":\"https:\\\/\\\/twin.cargoline.de\\\/john-spedition\\\/wp-content\\\/uploads\\\/sites\\\/67\\\/2026\\\/04\\\/cl_logo_blog.jpeg\"},{\"@type\":\"BreadcrumbList\",\"@id\":\"https:\\\/\\\/twin.cargoline.de\\\/john-spedition\\\/anlass-zur-freude-cargoline-wird-30\\\/#breadcrumb\",\"itemListElement\":[{\"@type\":\"ListItem\",\"position\":1,\"name\":\"Startseite\",\"item\":\"https:\\\/\\\/twin.cargoline.de\\\/john-spedition\\\/\"},{\"@type\":\"ListItem\",\"position\":2,\"name\":\"Anlass zur Freude: CargoLine wird 30\"}]},{\"@type\":\"WebSite\",\"@id\":\"https:\\\/\\\/twin.cargoline.de\\\/john-spedition\\\/#website\",\"url\":\"https:\\\/\\\/twin.cargoline.de\\\/john-spedition\\\/\",\"name\":\"John Spedition GmbH - Ihr Partner\",\"description\":\"code-x - Internet &amp; Marketing\",\"publisher\":{\"@id\":\"https:\\\/\\\/twin.cargoline.de\\\/john-spedition\\\/#organization\"},\"potentialAction\":[{\"@type\":\"SearchAction\",\"target\":{\"@type\":\"EntryPoint\",\"urlTemplate\":\"https:\\\/\\\/twin.cargoline.de\\\/john-spedition\\\/?s={search_term_string}\"},\"query-input\":{\"@type\":\"PropertyValueSpecification\",\"valueRequired\":true,\"valueName\":\"search_term_string\"}}],\"inLanguage\":\"de\"},{\"@type\":\"Organization\",\"@id\":\"https:\\\/\\\/twin.cargoline.de\\\/john-spedition\\\/#organization\",\"name\":\"John Spedition GmbH - Ihr Partner\",\"url\":\"https:\\\/\\\/twin.cargoline.de\\\/john-spedition\\\/\",\"logo\":{\"@type\":\"ImageObject\",\"inLanguage\":\"de\",\"@id\":\"https:\\\/\\\/twin.cargoline.de\\\/john-spedition\\\/#\\\/schema\\\/logo\\\/image\\\/\",\"url\":\"https:\\\/\\\/twin.cargoline.de\\\/john-spedition\\\/wp-content\\\/uploads\\\/sites\\\/67\\\/2025\\\/11\\\/Logo_John_Zusatz.webp\",\"contentUrl\":\"https:\\\/\\\/twin.cargoline.de\\\/john-spedition\\\/wp-content\\\/uploads\\\/sites\\\/67\\\/2025\\\/11\\\/Logo_John_Zusatz.webp\",\"width\":1181,\"height\":709,\"caption\":\"John Spedition GmbH - Ihr Partner\"},\"image\":{\"@id\":\"https:\\\/\\\/twin.cargoline.de\\\/john-spedition\\\/#\\\/schema\\\/logo\\\/image\\\/\"}},{\"@type\":\"Person\",\"@id\":\"https:\\\/\\\/twin.cargoline.de\\\/john-spedition\\\/#\\\/schema\\\/person\\\/c5d24e830a4a748962f1345116014cbc\",\"name\":\"sandradurschang\",\"image\":{\"@type\":\"ImageObject\",\"inLanguage\":\"de\",\"@id\":\"https:\\\/\\\/secure.gravatar.com\\\/avatar\\\/05bc1ab428a59ab38499bad65da12dff25b865b7d2b54dd8e479ae68a584c229?s=96&d=mm&r=g\",\"url\":\"https:\\\/\\\/secure.gravatar.com\\\/avatar\\\/05bc1ab428a59ab38499bad65da12dff25b865b7d2b54dd8e479ae68a584c229?s=96&d=mm&r=g\",\"contentUrl\":\"https:\\\/\\\/secure.gravatar.com\\\/avatar\\\/05bc1ab428a59ab38499bad65da12dff25b865b7d2b54dd8e479ae68a584c229?s=96&d=mm&r=g\",\"caption\":\"sandradurschang\"},\"url\":\"https:\\\/\\\/twin.cargoline.de\\\/john-spedition\\\/author\\\/sandra-durschang\\\/\"}]}<\/script>\n<!-- \/ Yoast SEO plugin. -->","yoast_head_json":{"title":"Anlass zur Freude: CargoLine wird 30 - John Spedition GmbH - Ihr Partner","robots":{"index":"noindex","follow":"follow","max-snippet":"max-snippet:-1","max-image-preview":"max-image-preview:large","max-video-preview":"max-video-preview:-1"},"og_locale":"de_DE","og_type":"article","og_title":"Anlass zur Freude: CargoLine wird 30 - John Spedition GmbH - Ihr Partner","og_description":"Frankfurt am Main, 26. April 2023 &#8211; &#8222;Es ist wie im echten Leben: Mit 30 agiert man gelassener, ist aber keineswegs eingefahren. Vielmehr wei\u00df man seine Energien gezielt einzusetzen \u2013 [&hellip;]","og_url":"https:\/\/twin.cargoline.de\/john-spedition\/anlass-zur-freude-cargoline-wird-30\/","og_site_name":"John Spedition GmbH - Ihr Partner","article_published_time":"2023-04-26T04:37:00+00:00","author":"sandradurschang","twitter_card":"summary_large_image","twitter_misc":{"Verfasst von":"sandradurschang","Gesch\u00e4tzte Lesezeit":"4\u00a0Minuten"},"schema":{"@context":"https:\/\/schema.org","@graph":[{"@type":"Article","@id":"https:\/\/twin.cargoline.de\/john-spedition\/anlass-zur-freude-cargoline-wird-30\/#article","isPartOf":{"@id":"https:\/\/twin.cargoline.de\/john-spedition\/anlass-zur-freude-cargoline-wird-30\/"},"author":{"name":"sandradurschang","@id":"https:\/\/twin.cargoline.de\/john-spedition\/#\/schema\/person\/c5d24e830a4a748962f1345116014cbc"},"headline":"Anlass zur Freude: CargoLine wird 30","datePublished":"2023-04-26T04:37:00+00:00","mainEntityOfPage":{"@id":"https:\/\/twin.cargoline.de\/john-spedition\/anlass-zur-freude-cargoline-wird-30\/"},"wordCount":787,"publisher":{"@id":"https:\/\/twin.cargoline.de\/john-spedition\/#organization"},"image":{"@id":"https:\/\/twin.cargoline.de\/john-spedition\/anlass-zur-freude-cargoline-wird-30\/#primaryimage"},"thumbnailUrl":"https:\/\/twin.cargoline.de\/john-spedition\/wp-content\/uploads\/sites\/67\/2026\/04\/cl_logo_blog.jpeg","articleSection":{"1":"Muss"},"inLanguage":"de"},{"@type":"WebPage","@id":"https:\/\/twin.cargoline.de\/john-spedition\/anlass-zur-freude-cargoline-wird-30\/","url":"https:\/\/twin.cargoline.de\/john-spedition\/anlass-zur-freude-cargoline-wird-30\/","name":"Anlass zur Freude: CargoLine wird 30 - John Spedition GmbH - Ihr Partner","isPartOf":{"@id":"https:\/\/twin.cargoline.de\/john-spedition\/#website"},"primaryImageOfPage":{"@id":"https:\/\/twin.cargoline.de\/john-spedition\/anlass-zur-freude-cargoline-wird-30\/#primaryimage"},"image":{"@id":"https:\/\/twin.cargoline.de\/john-spedition\/anlass-zur-freude-cargoline-wird-30\/#primaryimage"},"thumbnailUrl":"https:\/\/twin.cargoline.de\/john-spedition\/wp-content\/uploads\/sites\/67\/2026\/04\/cl_logo_blog.jpeg","datePublished":"2023-04-26T04:37:00+00:00","breadcrumb":{"@id":"https:\/\/twin.cargoline.de\/john-spedition\/anlass-zur-freude-cargoline-wird-30\/#breadcrumb"},"inLanguage":"de","potentialAction":[{"@type":"ReadAction","target":["https:\/\/twin.cargoline.de\/john-spedition\/anlass-zur-freude-cargoline-wird-30\/"]}]},{"@type":"ImageObject","inLanguage":"de","@id":"https:\/\/twin.cargoline.de\/john-spedition\/anlass-zur-freude-cargoline-wird-30\/#primaryimage","url":"https:\/\/twin.cargoline.de\/john-spedition\/wp-content\/uploads\/sites\/67\/2026\/04\/cl_logo_blog.jpeg","contentUrl":"https:\/\/twin.cargoline.de\/john-spedition\/wp-content\/uploads\/sites\/67\/2026\/04\/cl_logo_blog.jpeg"},{"@type":"BreadcrumbList","@id":"https:\/\/twin.cargoline.de\/john-spedition\/anlass-zur-freude-cargoline-wird-30\/#breadcrumb","itemListElement":[{"@type":"ListItem","position":1,"name":"Startseite","item":"https:\/\/twin.cargoline.de\/john-spedition\/"},{"@type":"ListItem","position":2,"name":"Anlass zur Freude: CargoLine wird 30"}]},{"@type":"WebSite","@id":"https:\/\/twin.cargoline.de\/john-spedition\/#website","url":"https:\/\/twin.cargoline.de\/john-spedition\/","name":"John Spedition GmbH - Ihr Partner","description":"code-x - Internet &amp; Marketing","publisher":{"@id":"https:\/\/twin.cargoline.de\/john-spedition\/#organization"},"potentialAction":[{"@type":"SearchAction","target":{"@type":"EntryPoint","urlTemplate":"https:\/\/twin.cargoline.de\/john-spedition\/?s={search_term_string}"},"query-input":{"@type":"PropertyValueSpecification","valueRequired":true,"valueName":"search_term_string"}}],"inLanguage":"de"},{"@type":"Organization","@id":"https:\/\/twin.cargoline.de\/john-spedition\/#organization","name":"John Spedition GmbH - Ihr Partner","url":"https:\/\/twin.cargoline.de\/john-spedition\/","logo":{"@type":"ImageObject","inLanguage":"de","@id":"https:\/\/twin.cargoline.de\/john-spedition\/#\/schema\/logo\/image\/","url":"https:\/\/twin.cargoline.de\/john-spedition\/wp-content\/uploads\/sites\/67\/2025\/11\/Logo_John_Zusatz.webp","contentUrl":"https:\/\/twin.cargoline.de\/john-spedition\/wp-content\/uploads\/sites\/67\/2025\/11\/Logo_John_Zusatz.webp","width":1181,"height":709,"caption":"John Spedition GmbH - Ihr Partner"},"image":{"@id":"https:\/\/twin.cargoline.de\/john-spedition\/#\/schema\/logo\/image\/"}},{"@type":"Person","@id":"https:\/\/twin.cargoline.de\/john-spedition\/#\/schema\/person\/c5d24e830a4a748962f1345116014cbc","name":"sandradurschang","image":{"@type":"ImageObject","inLanguage":"de","@id":"https:\/\/secure.gravatar.com\/avatar\/05bc1ab428a59ab38499bad65da12dff25b865b7d2b54dd8e479ae68a584c229?s=96&d=mm&r=g","url":"https:\/\/secure.gravatar.com\/avatar\/05bc1ab428a59ab38499bad65da12dff25b865b7d2b54dd8e479ae68a584c229?s=96&d=mm&r=g","contentUrl":"https:\/\/secure.gravatar.com\/avatar\/05bc1ab428a59ab38499bad65da12dff25b865b7d2b54dd8e479ae68a584c229?s=96&d=mm&r=g","caption":"sandradurschang"},"url":"https:\/\/twin.cargoline.de\/john-spedition\/author\/sandra-durschang\/"}]}},"_links":{"self":[{"href":"https:\/\/twin.cargoline.de\/john-spedition\/wp-json\/wp\/v2\/posts\/51817","targetHints":{"allow":["GET"]}}],"collection":[{"href":"https:\/\/twin.cargoline.de\/john-spedition\/wp-json\/wp\/v2\/posts"}],"about":[{"href":"https:\/\/twin.cargoline.de\/john-spedition\/wp-json\/wp\/v2\/types\/post"}],"author":[{"embeddable":true,"href":"https:\/\/twin.cargoline.de\/john-spedition\/wp-json\/wp\/v2\/users\/3"}],"replies":[{"embeddable":true,"href":"https:\/\/twin.cargoline.de\/john-spedition\/wp-json\/wp\/v2\/comments?post=51817"}],"version-history":[{"count":0,"href":"https:\/\/twin.cargoline.de\/john-spedition\/wp-json\/wp\/v2\/posts\/51817\/revisions"}],"wp:featuredmedia":[{"embeddable":true,"href":"https:\/\/twin.cargoline.de\/john-spedition\/wp-json\/wp\/v2\/media\/51818"}],"wp:attachment":[{"href":"https:\/\/twin.cargoline.de\/john-spedition\/wp-json\/wp\/v2\/media?parent=51817"}],"wp:term":[{"taxonomy":"category","embeddable":true,"href":"https:\/\/twin.cargoline.de\/john-spedition\/wp-json\/wp\/v2\/categories?post=51817"},{"taxonomy":"post_tag","embeddable":true,"href":"https:\/\/twin.cargoline.de\/john-spedition\/wp-json\/wp\/v2\/tags?post=51817"}],"curies":[{"name":"wp","href":"https:\/\/api.w.org\/{rel}","templated":true}]}}