{"id":51809,"date":"2023-01-24T11:35:14","date_gmt":"2023-01-24T10:35:14","guid":{"rendered":"https:\/\/twin.cargoline.de\/john-spedition\/cargoline-und-torrestir-nehmen-zusammenarbeit-auf\/"},"modified":"2023-01-24T11:35:14","modified_gmt":"2023-01-24T10:35:14","slug":"cargoline-und-torrestir-nehmen-zusammenarbeit-auf","status":"publish","type":"post","link":"https:\/\/twin.cargoline.de\/john-spedition\/cargoline-und-torrestir-nehmen-zusammenarbeit-auf\/","title":{"rendered":"CargoLine und Torrestir nehmen Zusammenarbeit auf"},"content":{"rendered":"\n<p>Frankfurt am Main, 24. Januar 2023 &#8211; Torrestir, einer der f\u00fchrenden Transport- und Logistikdienstleister Portugals, ist ab 1. Februar exklusiver Partner der CargoLine in dem s\u00fcdwesteurop\u00e4ischen Land. Im Gegenzug wird das inhabergef\u00fchrte Unternehmen das Netzwerk der St\u00fcckgutkooperation f\u00fcr die Distribution seiner Sendungen in ganz Europa nutzen. Dazu finden mehrmals pro Woche Import- und Exportverkehre zwischen sechs deutschen CargoLine-Partnern, die teils als Gate f\u00fcr das gesamte Netzwerk fungieren, und den Torrestir-Standorten in Porto und Lissabon statt.<\/p>\n\n\n\n<p>&#8222;Dank der l\u00fcckenlosen Verteilerstruktur von Torrestir in Portugal, eines eigenen Fuhrparks von rund 1.600 Lkw samt Fahrern, profunder Transport- und Lagerkompetenz in Branchen wie Pharma und Automotive sowie einer erh\u00f6hten Frequenz der Verkehre zwischen unseren L\u00e4ndern bieten wir Verladern mit dieser Zusammenarbeit erweiterte M\u00f6glichkeiten f\u00fcr ihre Logistik. Das hohe Ma\u00df an Digitalisierung, die unter anderem eine grenz\u00fcberschreitende Sendungsverfolgung erm\u00f6glicht, ist es weiteres Plus&#8220;, so Bernd H\u00f6ppner, Gesch\u00e4ftsf\u00fchrer International der St\u00fcckgutkooperation.<\/p>\n\n\n\n<p>&#8222;Die ausgewiesenen Qualit\u00e4ts- und IT-Standards der Kooperation sind \u00fcber weit \u00fcber Deutschland hinaus anerkannt, wie wir aus unserer langj\u00e4hrigen Zusammenarbeit mit den CargoLine-Partnern Dimotrans, Englmayer, Europa, Salvat und Ziegler wissen. Zum Vorteil unserer Kunden tr\u00e4gt dar\u00fcber hinaus bei, dass wir dank der mittelst\u00e4ndischen Struktur des Verbunds auch in Deutschland ab sofort mit zumeist inhabergef\u00fchrten Spediteuren arbeiten, die unsere Werte und Anspr\u00fcche teilen&#8220;, erkl\u00e4rt Helder Silva, Gesch\u00e4ftsf\u00fchrer von Torrestir Transit\u00e1rios.<\/p>\n\n\n\n<p>Deutschland ist einer der drei wichtigsten Handelspartner Portugals. Das Land am Atlantik mit seinen gut 10 Millionen Einwohnern exportiert haupts\u00e4chlich Textilien, Schuhe, Agrarprodukte, Wein, Autoteile, Komponenten f\u00fcr IT- und Telekommunikationsprodukte und Investitionsg\u00fcter. Aus Deutschland importiert Portugal vor allem Maschinen, Chemikalien und Bauteile f\u00fcr die Automobilindustrie<\/p>\n\n\n\n<p>Das <strong>Foto<\/strong> zeigt (v. l. n. r.) Jo\u00e3o Paulo Carvalho (Overland Business Development &amp; Network Manager, Torrestir), Philipp Tiemann (Europakoordinator, CargoLine), Bernd H\u00f6ppner (Gesch\u00e4ftsf\u00fchrer, CargoLine), Lu\u00eds Torres (CEO Torrestir), Helder Silva (Managing Director Portugal &amp; Mozambique, Torrestir). <\/p>\n\n\n\n<p class=\"has-small-font-size\"><em><strong>\u00dcber Torrestir<\/strong><br>Torrestir Transit\u00e1rios (<a href=\"http:\/\/www.torrestir.com\" target=\"_blank\" rel=\"noreferrer noopener\"><strong>www.torrestir.com<\/strong><\/a>) ist seit 1962 am Markt. Im Jahr 2021 erwirtschafteten 2.700 Mitarbeiter an 16 Standorten in Portugal inklusive der Inseln, in Spanien, Mozambik und Deutschland rund 235 Millionen Euro. Neben nationalen und internationalen St\u00fcckguttransporten bietet die Unternehmensgruppe mit eigenen Assets unter anderem auch Kontraktlogistik, Container-, Schwergut- und Spezialtransporte, Verzollung, Kurierdienste und Pharmatransporte nach GDP an. Schwerpunktm\u00e4\u00dfig konzentriert Torrestir sich auf folgende Branchen: Pharma- und Gesundheitswesen, Einzelhandel, Lebensmittel inklusive verderbliche Waren, Mode, Automotive, Erneuerbare Energien und IT.<\/em><\/p>\n","protected":false},"excerpt":{"rendered":"<p>Frankfurt am Main, 24. Januar 2023 &#8211; Torrestir, einer der f\u00fchrenden Transport- und Logistikdienstleister Portugals, ist ab 1. Februar exklusiver Partner der CargoLine in dem s\u00fcdwesteurop\u00e4ischen Land. Im Gegenzug wird [&hellip;]<\/p>\n","protected":false},"author":3,"featured_media":51810,"comment_status":"closed","ping_status":"closed","sticky":false,"template":"","format":"standard","meta":{"site-sidebar-layout":"default","site-content-layout":"","ast-site-content-layout":"default","site-content-style":"default","site-sidebar-style":"default","ast-global-header-display":"","ast-banner-title-visibility":"","ast-main-header-display":"","ast-hfb-above-header-display":"","ast-hfb-below-header-display":"","ast-hfb-mobile-header-display":"","site-post-title":"","ast-breadcrumbs-content":"","ast-featured-img":"","footer-sml-layout":"","ast-disable-related-posts":"","theme-transparent-header-meta":"","adv-header-id-meta":"","stick-header-meta":"","header-above-stick-meta":"","header-main-stick-meta":"","header-below-stick-meta":"","astra-migrate-meta-layouts":"default","ast-page-background-enabled":"default","ast-page-background-meta":{"desktop":{"background-color":"var(--ast-global-color-4)","background-image":"","background-repeat":"repeat","background-position":"center center","background-size":"auto","background-attachment":"scroll","background-type":"","background-media":"","overlay-type":"","overlay-color":"","overlay-opacity":"","overlay-gradient":""},"tablet":{"background-color":"","background-image":"","background-repeat":"repeat","background-position":"center center","background-size":"auto","background-attachment":"scroll","background-type":"","background-media":"","overlay-type":"","overlay-color":"","overlay-opacity":"","overlay-gradient":""},"mobile":{"background-color":"","background-image":"","background-repeat":"repeat","background-position":"center center","background-size":"auto","background-attachment":"scroll","background-type":"","background-media":"","overlay-type":"","overlay-color":"","overlay-opacity":"","overlay-gradient":""}},"ast-content-background-meta":{"desktop":{"background-color":"var(--ast-global-color-5)","background-image":"","background-repeat":"repeat","background-position":"center center","background-size":"auto","background-attachment":"scroll","background-type":"","background-media":"","overlay-type":"","overlay-color":"","overlay-opacity":"","overlay-gradient":""},"tablet":{"background-color":"var(--ast-global-color-5)","background-image":"","background-repeat":"repeat","background-position":"center center","background-size":"auto","background-attachment":"scroll","background-type":"","background-media":"","overlay-type":"","overlay-color":"","overlay-opacity":"","overlay-gradient":""},"mobile":{"background-color":"var(--ast-global-color-5)","background-image":"","background-repeat":"repeat","background-position":"center center","background-size":"auto","background-attachment":"scroll","background-type":"","background-media":"","overlay-type":"","overlay-color":"","overlay-opacity":"","overlay-gradient":""}},"footnotes":""},"categories":[1],"tags":[],"class_list":["post-51809","post","type-post","status-publish","format-standard","has-post-thumbnail","hentry","category-allgemein"],"yoast_head":"<!-- This site is optimized with the Yoast SEO plugin v27.5 - https:\/\/yoast.com\/product\/yoast-seo-wordpress\/ -->\n<title>CargoLine und Torrestir nehmen Zusammenarbeit auf - John Spedition GmbH - Ihr Partner<\/title>\n<meta name=\"robots\" content=\"noindex, follow, max-snippet:-1, max-image-preview:large, max-video-preview:-1\" \/>\n<meta property=\"og:locale\" content=\"de_DE\" \/>\n<meta property=\"og:type\" content=\"article\" \/>\n<meta property=\"og:title\" content=\"CargoLine und Torrestir nehmen Zusammenarbeit auf - John Spedition GmbH - Ihr Partner\" \/>\n<meta property=\"og:description\" content=\"Frankfurt am Main, 24. Januar 2023 &#8211; Torrestir, einer der f\u00fchrenden Transport- und Logistikdienstleister Portugals, ist ab 1. Februar exklusiver Partner der CargoLine in dem s\u00fcdwesteurop\u00e4ischen Land. Im Gegenzug wird [&hellip;]\" \/>\n<meta property=\"og:url\" content=\"https:\/\/twin.cargoline.de\/john-spedition\/cargoline-und-torrestir-nehmen-zusammenarbeit-auf\/\" \/>\n<meta property=\"og:site_name\" content=\"John Spedition GmbH - Ihr Partner\" \/>\n<meta property=\"article:published_time\" content=\"2023-01-24T10:35:14+00:00\" \/>\n<meta name=\"author\" content=\"sandradurschang\" \/>\n<meta name=\"twitter:card\" content=\"summary_large_image\" \/>\n<meta name=\"twitter:label1\" content=\"Verfasst von\" \/>\n\t<meta name=\"twitter:data1\" content=\"sandradurschang\" \/>\n\t<meta name=\"twitter:label2\" content=\"Gesch\u00e4tzte Lesezeit\" \/>\n\t<meta name=\"twitter:data2\" content=\"2\u00a0Minuten\" \/>\n<script type=\"application\/ld+json\" class=\"yoast-schema-graph\">{\"@context\":\"https:\\\/\\\/schema.org\",\"@graph\":[{\"@type\":\"Article\",\"@id\":\"https:\\\/\\\/twin.cargoline.de\\\/john-spedition\\\/cargoline-und-torrestir-nehmen-zusammenarbeit-auf\\\/#article\",\"isPartOf\":{\"@id\":\"https:\\\/\\\/twin.cargoline.de\\\/john-spedition\\\/cargoline-und-torrestir-nehmen-zusammenarbeit-auf\\\/\"},\"author\":{\"name\":\"sandradurschang\",\"@id\":\"https:\\\/\\\/twin.cargoline.de\\\/john-spedition\\\/#\\\/schema\\\/person\\\/c5d24e830a4a748962f1345116014cbc\"},\"headline\":\"CargoLine und Torrestir nehmen Zusammenarbeit auf\",\"datePublished\":\"2023-01-24T10:35:14+00:00\",\"mainEntityOfPage\":{\"@id\":\"https:\\\/\\\/twin.cargoline.de\\\/john-spedition\\\/cargoline-und-torrestir-nehmen-zusammenarbeit-auf\\\/\"},\"wordCount\":415,\"publisher\":{\"@id\":\"https:\\\/\\\/twin.cargoline.de\\\/john-spedition\\\/#organization\"},\"image\":{\"@id\":\"https:\\\/\\\/twin.cargoline.de\\\/john-spedition\\\/cargoline-und-torrestir-nehmen-zusammenarbeit-auf\\\/#primaryimage\"},\"thumbnailUrl\":\"https:\\\/\\\/twin.cargoline.de\\\/john-spedition\\\/wp-content\\\/uploads\\\/sites\\\/67\\\/2026\\\/04\\\/0123-PM-Torrestir.jpg\",\"inLanguage\":\"de\"},{\"@type\":\"WebPage\",\"@id\":\"https:\\\/\\\/twin.cargoline.de\\\/john-spedition\\\/cargoline-und-torrestir-nehmen-zusammenarbeit-auf\\\/\",\"url\":\"https:\\\/\\\/twin.cargoline.de\\\/john-spedition\\\/cargoline-und-torrestir-nehmen-zusammenarbeit-auf\\\/\",\"name\":\"CargoLine und Torrestir nehmen Zusammenarbeit auf - John Spedition GmbH - Ihr Partner\",\"isPartOf\":{\"@id\":\"https:\\\/\\\/twin.cargoline.de\\\/john-spedition\\\/#website\"},\"primaryImageOfPage\":{\"@id\":\"https:\\\/\\\/twin.cargoline.de\\\/john-spedition\\\/cargoline-und-torrestir-nehmen-zusammenarbeit-auf\\\/#primaryimage\"},\"image\":{\"@id\":\"https:\\\/\\\/twin.cargoline.de\\\/john-spedition\\\/cargoline-und-torrestir-nehmen-zusammenarbeit-auf\\\/#primaryimage\"},\"thumbnailUrl\":\"https:\\\/\\\/twin.cargoline.de\\\/john-spedition\\\/wp-content\\\/uploads\\\/sites\\\/67\\\/2026\\\/04\\\/0123-PM-Torrestir.jpg\",\"datePublished\":\"2023-01-24T10:35:14+00:00\",\"breadcrumb\":{\"@id\":\"https:\\\/\\\/twin.cargoline.de\\\/john-spedition\\\/cargoline-und-torrestir-nehmen-zusammenarbeit-auf\\\/#breadcrumb\"},\"inLanguage\":\"de\",\"potentialAction\":[{\"@type\":\"ReadAction\",\"target\":[\"https:\\\/\\\/twin.cargoline.de\\\/john-spedition\\\/cargoline-und-torrestir-nehmen-zusammenarbeit-auf\\\/\"]}]},{\"@type\":\"ImageObject\",\"inLanguage\":\"de\",\"@id\":\"https:\\\/\\\/twin.cargoline.de\\\/john-spedition\\\/cargoline-und-torrestir-nehmen-zusammenarbeit-auf\\\/#primaryimage\",\"url\":\"https:\\\/\\\/twin.cargoline.de\\\/john-spedition\\\/wp-content\\\/uploads\\\/sites\\\/67\\\/2026\\\/04\\\/0123-PM-Torrestir.jpg\",\"contentUrl\":\"https:\\\/\\\/twin.cargoline.de\\\/john-spedition\\\/wp-content\\\/uploads\\\/sites\\\/67\\\/2026\\\/04\\\/0123-PM-Torrestir.jpg\"},{\"@type\":\"BreadcrumbList\",\"@id\":\"https:\\\/\\\/twin.cargoline.de\\\/john-spedition\\\/cargoline-und-torrestir-nehmen-zusammenarbeit-auf\\\/#breadcrumb\",\"itemListElement\":[{\"@type\":\"ListItem\",\"position\":1,\"name\":\"Startseite\",\"item\":\"https:\\\/\\\/twin.cargoline.de\\\/john-spedition\\\/\"},{\"@type\":\"ListItem\",\"position\":2,\"name\":\"CargoLine und Torrestir nehmen Zusammenarbeit auf\"}]},{\"@type\":\"WebSite\",\"@id\":\"https:\\\/\\\/twin.cargoline.de\\\/john-spedition\\\/#website\",\"url\":\"https:\\\/\\\/twin.cargoline.de\\\/john-spedition\\\/\",\"name\":\"John Spedition GmbH - Ihr Partner\",\"description\":\"code-x - Internet &amp; Marketing\",\"publisher\":{\"@id\":\"https:\\\/\\\/twin.cargoline.de\\\/john-spedition\\\/#organization\"},\"potentialAction\":[{\"@type\":\"SearchAction\",\"target\":{\"@type\":\"EntryPoint\",\"urlTemplate\":\"https:\\\/\\\/twin.cargoline.de\\\/john-spedition\\\/?s={search_term_string}\"},\"query-input\":{\"@type\":\"PropertyValueSpecification\",\"valueRequired\":true,\"valueName\":\"search_term_string\"}}],\"inLanguage\":\"de\"},{\"@type\":\"Organization\",\"@id\":\"https:\\\/\\\/twin.cargoline.de\\\/john-spedition\\\/#organization\",\"name\":\"John Spedition GmbH - Ihr Partner\",\"url\":\"https:\\\/\\\/twin.cargoline.de\\\/john-spedition\\\/\",\"logo\":{\"@type\":\"ImageObject\",\"inLanguage\":\"de\",\"@id\":\"https:\\\/\\\/twin.cargoline.de\\\/john-spedition\\\/#\\\/schema\\\/logo\\\/image\\\/\",\"url\":\"https:\\\/\\\/twin.cargoline.de\\\/john-spedition\\\/wp-content\\\/uploads\\\/sites\\\/67\\\/2025\\\/11\\\/Logo_John_Zusatz.webp\",\"contentUrl\":\"https:\\\/\\\/twin.cargoline.de\\\/john-spedition\\\/wp-content\\\/uploads\\\/sites\\\/67\\\/2025\\\/11\\\/Logo_John_Zusatz.webp\",\"width\":1181,\"height\":709,\"caption\":\"John Spedition GmbH - Ihr Partner\"},\"image\":{\"@id\":\"https:\\\/\\\/twin.cargoline.de\\\/john-spedition\\\/#\\\/schema\\\/logo\\\/image\\\/\"}},{\"@type\":\"Person\",\"@id\":\"https:\\\/\\\/twin.cargoline.de\\\/john-spedition\\\/#\\\/schema\\\/person\\\/c5d24e830a4a748962f1345116014cbc\",\"name\":\"sandradurschang\",\"image\":{\"@type\":\"ImageObject\",\"inLanguage\":\"de\",\"@id\":\"https:\\\/\\\/secure.gravatar.com\\\/avatar\\\/05bc1ab428a59ab38499bad65da12dff25b865b7d2b54dd8e479ae68a584c229?s=96&d=mm&r=g\",\"url\":\"https:\\\/\\\/secure.gravatar.com\\\/avatar\\\/05bc1ab428a59ab38499bad65da12dff25b865b7d2b54dd8e479ae68a584c229?s=96&d=mm&r=g\",\"contentUrl\":\"https:\\\/\\\/secure.gravatar.com\\\/avatar\\\/05bc1ab428a59ab38499bad65da12dff25b865b7d2b54dd8e479ae68a584c229?s=96&d=mm&r=g\",\"caption\":\"sandradurschang\"},\"url\":\"https:\\\/\\\/twin.cargoline.de\\\/john-spedition\\\/author\\\/sandra-durschang\\\/\"}]}<\/script>\n<!-- \/ Yoast SEO plugin. -->","yoast_head_json":{"title":"CargoLine und Torrestir nehmen Zusammenarbeit auf - John Spedition GmbH - Ihr Partner","robots":{"index":"noindex","follow":"follow","max-snippet":"max-snippet:-1","max-image-preview":"max-image-preview:large","max-video-preview":"max-video-preview:-1"},"og_locale":"de_DE","og_type":"article","og_title":"CargoLine und Torrestir nehmen Zusammenarbeit auf - John Spedition GmbH - Ihr Partner","og_description":"Frankfurt am Main, 24. Januar 2023 &#8211; Torrestir, einer der f\u00fchrenden Transport- und Logistikdienstleister Portugals, ist ab 1. Februar exklusiver Partner der CargoLine in dem s\u00fcdwesteurop\u00e4ischen Land. Im Gegenzug wird [&hellip;]","og_url":"https:\/\/twin.cargoline.de\/john-spedition\/cargoline-und-torrestir-nehmen-zusammenarbeit-auf\/","og_site_name":"John Spedition GmbH - Ihr Partner","article_published_time":"2023-01-24T10:35:14+00:00","author":"sandradurschang","twitter_card":"summary_large_image","twitter_misc":{"Verfasst von":"sandradurschang","Gesch\u00e4tzte Lesezeit":"2\u00a0Minuten"},"schema":{"@context":"https:\/\/schema.org","@graph":[{"@type":"Article","@id":"https:\/\/twin.cargoline.de\/john-spedition\/cargoline-und-torrestir-nehmen-zusammenarbeit-auf\/#article","isPartOf":{"@id":"https:\/\/twin.cargoline.de\/john-spedition\/cargoline-und-torrestir-nehmen-zusammenarbeit-auf\/"},"author":{"name":"sandradurschang","@id":"https:\/\/twin.cargoline.de\/john-spedition\/#\/schema\/person\/c5d24e830a4a748962f1345116014cbc"},"headline":"CargoLine und Torrestir nehmen Zusammenarbeit auf","datePublished":"2023-01-24T10:35:14+00:00","mainEntityOfPage":{"@id":"https:\/\/twin.cargoline.de\/john-spedition\/cargoline-und-torrestir-nehmen-zusammenarbeit-auf\/"},"wordCount":415,"publisher":{"@id":"https:\/\/twin.cargoline.de\/john-spedition\/#organization"},"image":{"@id":"https:\/\/twin.cargoline.de\/john-spedition\/cargoline-und-torrestir-nehmen-zusammenarbeit-auf\/#primaryimage"},"thumbnailUrl":"https:\/\/twin.cargoline.de\/john-spedition\/wp-content\/uploads\/sites\/67\/2026\/04\/0123-PM-Torrestir.jpg","inLanguage":"de"},{"@type":"WebPage","@id":"https:\/\/twin.cargoline.de\/john-spedition\/cargoline-und-torrestir-nehmen-zusammenarbeit-auf\/","url":"https:\/\/twin.cargoline.de\/john-spedition\/cargoline-und-torrestir-nehmen-zusammenarbeit-auf\/","name":"CargoLine und Torrestir nehmen Zusammenarbeit auf - John Spedition GmbH - Ihr Partner","isPartOf":{"@id":"https:\/\/twin.cargoline.de\/john-spedition\/#website"},"primaryImageOfPage":{"@id":"https:\/\/twin.cargoline.de\/john-spedition\/cargoline-und-torrestir-nehmen-zusammenarbeit-auf\/#primaryimage"},"image":{"@id":"https:\/\/twin.cargoline.de\/john-spedition\/cargoline-und-torrestir-nehmen-zusammenarbeit-auf\/#primaryimage"},"thumbnailUrl":"https:\/\/twin.cargoline.de\/john-spedition\/wp-content\/uploads\/sites\/67\/2026\/04\/0123-PM-Torrestir.jpg","datePublished":"2023-01-24T10:35:14+00:00","breadcrumb":{"@id":"https:\/\/twin.cargoline.de\/john-spedition\/cargoline-und-torrestir-nehmen-zusammenarbeit-auf\/#breadcrumb"},"inLanguage":"de","potentialAction":[{"@type":"ReadAction","target":["https:\/\/twin.cargoline.de\/john-spedition\/cargoline-und-torrestir-nehmen-zusammenarbeit-auf\/"]}]},{"@type":"ImageObject","inLanguage":"de","@id":"https:\/\/twin.cargoline.de\/john-spedition\/cargoline-und-torrestir-nehmen-zusammenarbeit-auf\/#primaryimage","url":"https:\/\/twin.cargoline.de\/john-spedition\/wp-content\/uploads\/sites\/67\/2026\/04\/0123-PM-Torrestir.jpg","contentUrl":"https:\/\/twin.cargoline.de\/john-spedition\/wp-content\/uploads\/sites\/67\/2026\/04\/0123-PM-Torrestir.jpg"},{"@type":"BreadcrumbList","@id":"https:\/\/twin.cargoline.de\/john-spedition\/cargoline-und-torrestir-nehmen-zusammenarbeit-auf\/#breadcrumb","itemListElement":[{"@type":"ListItem","position":1,"name":"Startseite","item":"https:\/\/twin.cargoline.de\/john-spedition\/"},{"@type":"ListItem","position":2,"name":"CargoLine und Torrestir nehmen Zusammenarbeit auf"}]},{"@type":"WebSite","@id":"https:\/\/twin.cargoline.de\/john-spedition\/#website","url":"https:\/\/twin.cargoline.de\/john-spedition\/","name":"John Spedition GmbH - Ihr Partner","description":"code-x - Internet &amp; Marketing","publisher":{"@id":"https:\/\/twin.cargoline.de\/john-spedition\/#organization"},"potentialAction":[{"@type":"SearchAction","target":{"@type":"EntryPoint","urlTemplate":"https:\/\/twin.cargoline.de\/john-spedition\/?s={search_term_string}"},"query-input":{"@type":"PropertyValueSpecification","valueRequired":true,"valueName":"search_term_string"}}],"inLanguage":"de"},{"@type":"Organization","@id":"https:\/\/twin.cargoline.de\/john-spedition\/#organization","name":"John Spedition GmbH - Ihr Partner","url":"https:\/\/twin.cargoline.de\/john-spedition\/","logo":{"@type":"ImageObject","inLanguage":"de","@id":"https:\/\/twin.cargoline.de\/john-spedition\/#\/schema\/logo\/image\/","url":"https:\/\/twin.cargoline.de\/john-spedition\/wp-content\/uploads\/sites\/67\/2025\/11\/Logo_John_Zusatz.webp","contentUrl":"https:\/\/twin.cargoline.de\/john-spedition\/wp-content\/uploads\/sites\/67\/2025\/11\/Logo_John_Zusatz.webp","width":1181,"height":709,"caption":"John Spedition GmbH - Ihr Partner"},"image":{"@id":"https:\/\/twin.cargoline.de\/john-spedition\/#\/schema\/logo\/image\/"}},{"@type":"Person","@id":"https:\/\/twin.cargoline.de\/john-spedition\/#\/schema\/person\/c5d24e830a4a748962f1345116014cbc","name":"sandradurschang","image":{"@type":"ImageObject","inLanguage":"de","@id":"https:\/\/secure.gravatar.com\/avatar\/05bc1ab428a59ab38499bad65da12dff25b865b7d2b54dd8e479ae68a584c229?s=96&d=mm&r=g","url":"https:\/\/secure.gravatar.com\/avatar\/05bc1ab428a59ab38499bad65da12dff25b865b7d2b54dd8e479ae68a584c229?s=96&d=mm&r=g","contentUrl":"https:\/\/secure.gravatar.com\/avatar\/05bc1ab428a59ab38499bad65da12dff25b865b7d2b54dd8e479ae68a584c229?s=96&d=mm&r=g","caption":"sandradurschang"},"url":"https:\/\/twin.cargoline.de\/john-spedition\/author\/sandra-durschang\/"}]}},"_links":{"self":[{"href":"https:\/\/twin.cargoline.de\/john-spedition\/wp-json\/wp\/v2\/posts\/51809","targetHints":{"allow":["GET"]}}],"collection":[{"href":"https:\/\/twin.cargoline.de\/john-spedition\/wp-json\/wp\/v2\/posts"}],"about":[{"href":"https:\/\/twin.cargoline.de\/john-spedition\/wp-json\/wp\/v2\/types\/post"}],"author":[{"embeddable":true,"href":"https:\/\/twin.cargoline.de\/john-spedition\/wp-json\/wp\/v2\/users\/3"}],"replies":[{"embeddable":true,"href":"https:\/\/twin.cargoline.de\/john-spedition\/wp-json\/wp\/v2\/comments?post=51809"}],"version-history":[{"count":0,"href":"https:\/\/twin.cargoline.de\/john-spedition\/wp-json\/wp\/v2\/posts\/51809\/revisions"}],"wp:featuredmedia":[{"embeddable":true,"href":"https:\/\/twin.cargoline.de\/john-spedition\/wp-json\/wp\/v2\/media\/51810"}],"wp:attachment":[{"href":"https:\/\/twin.cargoline.de\/john-spedition\/wp-json\/wp\/v2\/media?parent=51809"}],"wp:term":[{"taxonomy":"category","embeddable":true,"href":"https:\/\/twin.cargoline.de\/john-spedition\/wp-json\/wp\/v2\/categories?post=51809"},{"taxonomy":"post_tag","embeddable":true,"href":"https:\/\/twin.cargoline.de\/john-spedition\/wp-json\/wp\/v2\/tags?post=51809"}],"curies":[{"name":"wp","href":"https:\/\/api.w.org\/{rel}","templated":true}]}}